{"id":43389,"date":"2016-05-11T17:34:58","date_gmt":"2016-05-11T14:34:58","guid":{"rendered":"http:\/\/www.sana.sy\/es\/?p=43389"},"modified":"2016-05-11T19:36:40","modified_gmt":"2016-05-11T16:36:40","slug":"desmienten-corte-de-la-ruta-de-homs-palmira","status":"publish","type":"post","link":"https:\/\/archive.sana.sy\/es\/?p=43389","title":{"rendered":"Desmienten corte de la ruta de Homs- Palmira"},"content":{"rendered":"<p><span style=\"color: #800000\">Damasco, SANA<\/span><\/p>\n<p style=\"text-align: justify\">Una fuente en el Ministerio de Informaci\u00f3n tach\u00f3 de \u201cinfundadas\u201d las noticias publicadas por algunos medios de comunicaci\u00f3n sobre el corte de la ruta de Homs-Palmira son infundadas.<\/p>\n<p style=\"text-align: justify\">Estas mentiras van el marco de las pretensiones encaminadas a encubrir los hitos logrados por el ej\u00e9rcito sirio al restablecer la seguridad en la ciudad hist\u00f3rica de Palmira a finales del pasado mes de marzo, agreg\u00f3.<\/p>\n<p>&nbsp;<\/p>\n<p>Lynn A.<\/p>\n","protected":false},"excerpt":{"rendered":"<p>Damasco, SANA Una fuente en el Ministerio de Informaci\u00f3n tach\u00f3 de \u201cinfundadas\u201d las noticias publicadas por algunos medios de comunicaci\u00f3n sobre el corte de la ruta de Homs-Palmira son infundadas. Estas mentiras van el marco de las pretensiones encaminadas a encubrir los hitos logrados por el ej\u00e9rcito sirio al restablecer la seguridad en la ciudad &hellip;<\/p>\n","protected":false},"author":24,"featured_media":34671,"comment_status":"closed","ping_status":"closed","sticky":false,"template":"","format":"standard","meta":{"footnotes":""},"categories":[477,476,7541],"tags":[],"class_list":["post-43389","post","type-post","status-publish","format-standard","has-post-thumbnail","","category-noticias-edulcorantes","category-locales","category-ultimas-noticias"],"_links":{"self":[{"href":"https:\/\/archive.sana.sy\/es\/index.php?rest_route=\/wp\/v2\/posts\/43389"}],"collection":[{"href":"https:\/\/archive.sana.sy\/es\/index.php?rest_route=\/wp\/v2\/posts"}],"about":[{"href":"https:\/\/archive.sana.sy\/es\/index.php?rest_route=\/wp\/v2\/types\/post"}],"author":[{"embeddable":true,"href":"https:\/\/archive.sana.sy\/es\/index.php?rest_route=\/wp\/v2\/users\/24"}],"replies":[{"embeddable":true,"href":"https:\/\/archive.sana.sy\/es\/index.php?rest_route=%2Fwp%2Fv2%2Fcomments&post=43389"}],"version-history":[{"count":0,"href":"https:\/\/archive.sana.sy\/es\/index.php?rest_route=\/wp\/v2\/posts\/43389\/revisions"}],"wp:featuredmedia":[{"embeddable":true,"href":"https:\/\/archive.sana.sy\/es\/index.php?rest_route=\/wp\/v2\/media\/34671"}],"wp:attachment":[{"href":"https:\/\/archive.sana.sy\/es\/index.php?rest_route=%2Fwp%2Fv2%2Fmedia&parent=43389"}],"wp:term":[{"taxonomy":"category","embeddable":true,"href":"https:\/\/archive.sana.sy\/es\/index.php?rest_route=%2Fwp%2Fv2%2Fcategories&post=43389"},{"taxonomy":"post_tag","embeddable":true,"href":"https:\/\/archive.sana.sy\/es\/index.php?rest_route=%2Fwp%2Fv2%2Ftags&post=43389"}],"curies":[{"name":"wp","href":"https:\/\/api.w.org\/{rel}","templated":true}]}}