{"id":43394,"date":"2016-05-11T15:04:45","date_gmt":"2016-05-11T12:04:45","guid":{"rendered":"http:\/\/www.sana.sy\/es\/?p=43394"},"modified":"2023-01-10T15:29:00","modified_gmt":"2023-01-10T13:29:00","slug":"bcs-la-taza-de-cambio-de-la-libra-siria-dolar-presenciara-una-baja-notable","status":"publish","type":"post","link":"https:\/\/archive.sana.sy\/es\/?p=43394","title":{"rendered":"BCS la tasa de cambio de la libra siria\/ d\u00f3lar presenciar\u00e1 una baja notable"},"content":{"rendered":"<p><span style=\"color: #800000\">Damasco, SANA<\/span><\/p>\n<p>El gobernador del Banco Central de Siria (BCS), Adib Mayaleh, confirm\u00f3 que el precio de la libra siria ante el d\u00f3lar estadounidense presenciar\u00e1 \u201cuna baja considerable y sin precedentes\u201d tras la entrada en vigor de las medidas anunciadas ayer por el BCS, afirmando que \u201clos especuladores sufrir\u00e1n grandes p\u00e9rdidas\u201d.<\/p>\n<p>En un comunicado emitido este mi\u00e9rcoles, el gobernador del BCS se\u00f1al\u00f3 que la decisi\u00f3n de exoneraci\u00f3n del reintrego de divisas para exportaciones est\u00e1 destinada a alentar el proceso de exportaci\u00f3n, proveer una oferta de moneda extranjera en el mercado para impedir la compra de la misma del mercado negro con la intenci\u00f3n de\u00a0desembolsar los compromisos de exportaci\u00f3n caducados y no pagados.<\/p>\n<p>El BCS se\u00f1al\u00f3 en el comunicado que va a incrementar la oferta de divisas en el mercado y con \u201cgrandes cantidades\u201d, a trav\u00e9s de las operaciones de intervenci\u00f3n directa y diaria por los establecimientos bancarios.<\/p>\n<p>&nbsp;<br \/>\nLynn A.<\/p>\n","protected":false},"excerpt":{"rendered":"<p>Damasco, SANA El gobernador del Banco Central de Siria (BCS), Adib Mayaleh, confirm\u00f3 que el precio de la libra siria ante el d\u00f3lar estadounidense presenciar\u00e1 \u201cuna baja considerable y sin precedentes\u201d tras la entrada en vigor de las medidas anunciadas ayer por el BCS, afirmando que \u201clos especuladores sufrir\u00e1n grandes p\u00e9rdidas\u201d. En un comunicado emitido &hellip;<\/p>\n","protected":false},"author":24,"featured_media":41284,"comment_status":"closed","ping_status":"closed","sticky":false,"template":"","format":"standard","meta":{"footnotes":""},"categories":[447,597,485,7541],"tags":[],"class_list":["post-43394","post","type-post","status-publish","format-standard","has-post-thumbnail","","category-local-politica","category-cinta-de-noticias","category-informes-negocios-y-finanzas","category-ultimas-noticias"],"_links":{"self":[{"href":"https:\/\/archive.sana.sy\/es\/index.php?rest_route=\/wp\/v2\/posts\/43394"}],"collection":[{"href":"https:\/\/archive.sana.sy\/es\/index.php?rest_route=\/wp\/v2\/posts"}],"about":[{"href":"https:\/\/archive.sana.sy\/es\/index.php?rest_route=\/wp\/v2\/types\/post"}],"author":[{"embeddable":true,"href":"https:\/\/archive.sana.sy\/es\/index.php?rest_route=\/wp\/v2\/users\/24"}],"replies":[{"embeddable":true,"href":"https:\/\/archive.sana.sy\/es\/index.php?rest_route=%2Fwp%2Fv2%2Fcomments&post=43394"}],"version-history":[{"count":0,"href":"https:\/\/archive.sana.sy\/es\/index.php?rest_route=\/wp\/v2\/posts\/43394\/revisions"}],"wp:featuredmedia":[{"embeddable":true,"href":"https:\/\/archive.sana.sy\/es\/index.php?rest_route=\/wp\/v2\/media\/41284"}],"wp:attachment":[{"href":"https:\/\/archive.sana.sy\/es\/index.php?rest_route=%2Fwp%2Fv2%2Fmedia&parent=43394"}],"wp:term":[{"taxonomy":"category","embeddable":true,"href":"https:\/\/archive.sana.sy\/es\/index.php?rest_route=%2Fwp%2Fv2%2Fcategories&post=43394"},{"taxonomy":"post_tag","embeddable":true,"href":"https:\/\/archive.sana.sy\/es\/index.php?rest_route=%2Fwp%2Fv2%2Ftags&post=43394"}],"curies":[{"name":"wp","href":"https:\/\/api.w.org\/{rel}","templated":true}]}}