{"id":43615,"date":"2016-05-17T17:59:02","date_gmt":"2016-05-17T14:59:02","guid":{"rendered":"http:\/\/www.sana.sy\/es\/?p=43615"},"modified":"2016-05-17T22:47:55","modified_gmt":"2016-05-17T19:47:55","slug":"fuerza-aerea-siria-destruye-sedes-de-terroristas-del-ei-en-deir-ezzor-y-homs","status":"publish","type":"post","link":"https:\/\/archive.sana.sy\/es\/?p=43615","title":{"rendered":"Ej\u00e9rcito refuerza su control sobre Tal Sawan en el campo este de Homs"},"content":{"rendered":"<div style=\"text-align: justify\"><span lang=\"ES-TRAD\" style=\"color: #800000\">Provincias, SANA-\u00a0<\/span>Los cazabombarderos del Ej\u00e9rcito sirio bombardearon a sedes y cuarteles de los terroristas del grupo takfir\u00ed del Estado Isl\u00e1mico, inscrito en la lista del terrorismo internacional.<\/p>\n<p>En la provincia oriental de Deir Ezzor, una fuente militar inform\u00f3 que los bombardeos de la Fuerza A\u00e9rea siria dejaron destruidas a concentraciones y fortificaciones de los terroristas del EI en el barrio al Sinaah y al oeste del aeropuerto de Deir Ezzor.<\/p>\n<p>Seg\u00fan la fuente, ca\u00f1ones de mortero, sedes, veh\u00edculos artillados y maquinarias b\u00e9licas de los takfiristas quedaron totalmente destruidos en los bombardeos, adem\u00e1s de la eliminaci\u00f3n de decenas de terroristas.<\/p>\n<p><span style=\"color: #0000ff\">Homs<\/span><\/p>\n<p>Una fuente militar confirm\u00f3 este martes, que una unidad del ej\u00e9rcito en cooperaci\u00f3n con los grupos de defensa popular, reforz\u00f3 su control sobre Tal Sawan, colina situada al oeste del yacimiento petrol\u00edfero Shaaer en el campo este de Homs, despu\u00e9s de infligir colosales bajas entre las filas de los terroristas del Estado Isl\u00e1mico.<\/p>\n<p>En el campo norte de la provincia cercano de Hama, la misma fuente revel\u00f3 que una unidad castrense siria choc\u00f3 con grupos terroristas que arremetieron contra algunos puntos militares, logrando infligir bajas entre sus filas.Entre los terroristas eliminados en dicha operaci\u00f3n figuran los terroristas autodenominados Abou Sanad y Abou Asil, mandos militares del Movimiento Isl\u00e1mico de Ahrar al-Shaam y la organizaci\u00f3n terrorista del Frente de al-Nousra.<\/p>\n<p>Anteriormente, la fuerza a\u00e9rea siria aniquil\u00f3 veh\u00edculos y agrupaciones de terroristas del Estado Isl\u00e1mico en la zona del yacimiento petrol\u00edfero de Shaaer y el campo norte\u00f1o de la ciudad de Palmira.<\/p>\n<p><span style=\"color: #0000ff\">Damasco-campo<\/span><\/p>\n<p>Una fuente en el terreno inform\u00f3 que una unidad del ej\u00e9rcito sirio ha librado esta ma\u00f1ana feroces enfrentamientos con los terroristas del Frente de al-Nousra y la llamada \u201cBrigada de al-Fatihin\u201d en los ejes de al-Khammara\/Filet Saloum y de la f\u00e1brica de medicamentos al oeste de la localidad de Khan al-Shih en el campo suroeste de Damasco.<\/p>\n<p>Los uniformados sirios lograron infligir bajas y heridos entre la filas de los terroristas del Frente de al-Nousra y destruirles dos veh\u00edculos equipados de artiller\u00eda pesada.<\/p>\n<p><span style=\"color: #0000ff\">Hama<\/span><\/p>\n<p>En el campo sure\u00f1o de Hama, las FFAA chocaron con terroristas afiliados al Frente de al-Nousra en la zona de Hurbnasfo, provocando bajas y heridos entre sus filas y destruyendo veh\u00edculos y pertrechos b\u00e9licos suyos.<\/p>\n<p>Fady M., Hala B., Lynn A.<\/p><\/div>\n","protected":false},"excerpt":{"rendered":"<p>Provincias, SANA-\u00a0Los cazabombarderos del Ej\u00e9rcito sirio bombardearon a sedes y cuarteles de los terroristas del grupo takfir\u00ed del Estado Isl\u00e1mico, inscrito en la lista del terrorismo internacional. En la provincia oriental de Deir Ezzor, una fuente militar inform\u00f3 que los bombardeos de la Fuerza A\u00e9rea siria dejaron destruidas a concentraciones y fortificaciones de los terroristas &hellip;<\/p>\n","protected":false},"author":1,"featured_media":43616,"comment_status":"closed","ping_status":"closed","sticky":false,"template":"","format":"standard","meta":{"footnotes":""},"categories":[597,573,576,583],"tags":[8625],"class_list":["post-43615","post","type-post","status-publish","format-standard","has-post-thumbnail","","category-cinta-de-noticias","category-la-realidad-de-los-acontecimientos-en-siria","category-noticias-politicas","category-slide","tag-fuerza-aerea-siria-destruye-sedes-de-terroristas-del-ei-en-deir-ezzor-y-homs"],"_links":{"self":[{"href":"https:\/\/archive.sana.sy\/es\/index.php?rest_route=\/wp\/v2\/posts\/43615"}],"collection":[{"href":"https:\/\/archive.sana.sy\/es\/index.php?rest_route=\/wp\/v2\/posts"}],"about":[{"href":"https:\/\/archive.sana.sy\/es\/index.php?rest_route=\/wp\/v2\/types\/post"}],"author":[{"embeddable":true,"href":"https:\/\/archive.sana.sy\/es\/index.php?rest_route=\/wp\/v2\/users\/1"}],"replies":[{"embeddable":true,"href":"https:\/\/archive.sana.sy\/es\/index.php?rest_route=%2Fwp%2Fv2%2Fcomments&post=43615"}],"version-history":[{"count":0,"href":"https:\/\/archive.sana.sy\/es\/index.php?rest_route=\/wp\/v2\/posts\/43615\/revisions"}],"wp:featuredmedia":[{"embeddable":true,"href":"https:\/\/archive.sana.sy\/es\/index.php?rest_route=\/wp\/v2\/media\/43616"}],"wp:attachment":[{"href":"https:\/\/archive.sana.sy\/es\/index.php?rest_route=%2Fwp%2Fv2%2Fmedia&parent=43615"}],"wp:term":[{"taxonomy":"category","embeddable":true,"href":"https:\/\/archive.sana.sy\/es\/index.php?rest_route=%2Fwp%2Fv2%2Fcategories&post=43615"},{"taxonomy":"post_tag","embeddable":true,"href":"https:\/\/archive.sana.sy\/es\/index.php?rest_route=%2Fwp%2Fv2%2Ftags&post=43615"}],"curies":[{"name":"wp","href":"https:\/\/api.w.org\/{rel}","templated":true}]}}