{"id":43650,"date":"2016-05-17T15:00:03","date_gmt":"2016-05-17T12:00:03","guid":{"rendered":"http:\/\/www.sana.sy\/es\/?p=43650"},"modified":"2016-05-17T22:52:27","modified_gmt":"2016-05-17T19:52:27","slug":"primer-ministro-ensalza-postura-del-partido-mauritano-de-rafah-en-apoyo-a-siria-durante-su-crisis","status":"publish","type":"post","link":"https:\/\/archive.sana.sy\/es\/?p=43650","title":{"rendered":"Primer Ministro ensalza postura del partido mauritano de Rafah en apoyo a Siria durante su crisis"},"content":{"rendered":"<p><span style=\"color: #800000\">Damasco, SANA<\/span><\/p>\n<p style=\"text-align: justify\">El primer ministro, Wael al-Halqui, recibi\u00f3 esta tarde al jefe del partido &#8220;Rafah&#8221; de Mauritania, Ould Mohamed Vall.<\/p>\n<p style=\"text-align: justify\">Durante la reuni\u00f3n, el jefe del Ejecutivo sirio destac\u00f3 la importancia del papel de los partidos nacionales y pan\u00e1rabes que creen en las causas de la naci\u00f3n \u00e1rabe y el destino com\u00fan en movilizar todas las capacidades intelectuales y humanas \u00e1rabes para hacer frente a los proyectos sionistas-estadounidenses trazados contra la regi\u00f3n y el pensamiento takfiri destinado a generar el caos y la destrucci\u00f3n en los pa\u00edses \u00e1rabes.<\/p>\n<p style=\"text-align: justify\">Aludi\u00f3 a las relaciones de hermandad entre los pueblos de Siria y Mauritania, subrayando la necesidad de promover y desarrollarlas para que cubran todos los \u00e1mbitos econ\u00f3micos, pol\u00edticos y de desarrollo, ensalzando a la vez la postura honorable del partido Rafah hacia lo que est\u00e1 ocurriendo en Siria.<\/p>\n<p style=\"text-align: justify\">Al-Halqui se\u00f1al\u00f3 que Siria est\u00e1 pasando factura por sus posturas que defienden las causas \u00e1rabes, agregando que la misma se ve hoy en d\u00eda m\u00e1s determinada a hacer frente a todos los proyectos sionistas y estadounidenses elaboradas para la regi\u00f3n.<\/p>\n<p style=\"text-align: justify\">A su vez, el pol\u00edtico mauritano manifest\u00f3 la solidaridad de su pa\u00eds con Siria frente a la guerra que est\u00e1 librando en el lugar de todo el mundo contra el terrorismo.<\/p>\n<p style=\"text-align: justify\">Asimismo expres\u00f3 su confianza en la pr\u00f3xima victoria del pueblo sirio sobre sus enemigos, asegurando que Siria permanecer\u00e1 el coraz\u00f3n del mundo \u00e1rabe.<\/p>\n<p>Lynn A.<\/p>\n","protected":false},"excerpt":{"rendered":"<p>Damasco, SANA El primer ministro, Wael al-Halqui, recibi\u00f3 esta tarde al jefe del partido &#8220;Rafah&#8221; de Mauritania, Ould Mohamed Vall. Durante la reuni\u00f3n, el jefe del Ejecutivo sirio destac\u00f3 la importancia del papel de los partidos nacionales y pan\u00e1rabes que creen en las causas de la naci\u00f3n \u00e1rabe y el destino com\u00fan en movilizar todas &hellip;<\/p>\n","protected":false},"author":24,"featured_media":43651,"comment_status":"closed","ping_status":"closed","sticky":false,"template":"","format":"standard","meta":{"footnotes":""},"categories":[477,476,7541],"tags":[],"class_list":["post-43650","post","type-post","status-publish","format-standard","has-post-thumbnail","","category-noticias-edulcorantes","category-locales","category-ultimas-noticias"],"_links":{"self":[{"href":"https:\/\/archive.sana.sy\/es\/index.php?rest_route=\/wp\/v2\/posts\/43650"}],"collection":[{"href":"https:\/\/archive.sana.sy\/es\/index.php?rest_route=\/wp\/v2\/posts"}],"about":[{"href":"https:\/\/archive.sana.sy\/es\/index.php?rest_route=\/wp\/v2\/types\/post"}],"author":[{"embeddable":true,"href":"https:\/\/archive.sana.sy\/es\/index.php?rest_route=\/wp\/v2\/users\/24"}],"replies":[{"embeddable":true,"href":"https:\/\/archive.sana.sy\/es\/index.php?rest_route=%2Fwp%2Fv2%2Fcomments&post=43650"}],"version-history":[{"count":0,"href":"https:\/\/archive.sana.sy\/es\/index.php?rest_route=\/wp\/v2\/posts\/43650\/revisions"}],"wp:featuredmedia":[{"embeddable":true,"href":"https:\/\/archive.sana.sy\/es\/index.php?rest_route=\/wp\/v2\/media\/43651"}],"wp:attachment":[{"href":"https:\/\/archive.sana.sy\/es\/index.php?rest_route=%2Fwp%2Fv2%2Fmedia&parent=43650"}],"wp:term":[{"taxonomy":"category","embeddable":true,"href":"https:\/\/archive.sana.sy\/es\/index.php?rest_route=%2Fwp%2Fv2%2Fcategories&post=43650"},{"taxonomy":"post_tag","embeddable":true,"href":"https:\/\/archive.sana.sy\/es\/index.php?rest_route=%2Fwp%2Fv2%2Ftags&post=43650"}],"curies":[{"name":"wp","href":"https:\/\/api.w.org\/{rel}","templated":true}]}}