{"id":43701,"date":"2016-05-18T16:49:00","date_gmt":"2016-05-18T13:49:00","guid":{"rendered":"http:\/\/www.sana.sy\/es\/?p=43701"},"modified":"2016-05-20T16:26:32","modified_gmt":"2016-05-20T13:26:32","slug":"haidar-examina-con-mfeketo-posibilidad-de-aprovechar-de-la-experiencia-de-sudafrica-en-materia-de-reconciliacion-nacional","status":"publish","type":"post","link":"https:\/\/archive.sana.sy\/es\/?p=43701","title":{"rendered":"Haidar examina con Mfeketo posibilidad de aprovechar de la experiencia de Sud\u00e1frica en materia de reconciliaci\u00f3n nacional"},"content":{"rendered":"<p><span style=\"color: #800000\">Damasco, SANA<\/span><\/p>\n<p style=\"text-align: justify\">El ministro del Estado para Asuntos de Reconciliaci\u00f3n Nacional, Ali Haidar, examin\u00f3 hoy el mi\u00e9rcoles con Nomaindia Mfeketo, Viceministra de Relaciones Internacionales y Cooperaci\u00f3n de la Rep\u00fablica de Sud\u00e1frica, y la delegaci\u00f3n que la acompa\u00f1a, los \u00faltimos sucesos pol\u00edticos a nivel internacional y las v\u00edas de promover la cooperaci\u00f3n bilateral, especialmente en materia de las reconciliaciones locales en Siria.<\/p>\n<p style=\"text-align: justify\">En declaraciones concedidas\u00a0a la prensa tras la reuni\u00f3n, Haidar valor\u00f3 altamente la postura de Sud\u00e1frica en\u00a0apoya al pueblo sirio, subrayando la importancia de aprovechar de la experiencia de la reconciliaci\u00f3n nacional en este pa\u00eds y elaborar un plan de acci\u00f3n conjunta con el mismo.<\/p>\n<p style=\"text-align: justify\">El alto funcionario sirio reiter\u00f3 que la soluci\u00f3n de la crisis siria comienza por la lucha contra el terrorismo y la aplicaci\u00f3n de las resoluciones del Consejo de Seguridad de la ONU al respecto, denunciando\u00a0la continuaci\u00f3n de la escalada encaminada a torpedear las reconciliaciones que se est\u00e1n desarrollando en el territorio sirio, por algunos pa\u00edses anti sirias, especialmente Turqu\u00eda que ingres\u00f3 recientemente a 7 mil terroristas, pese a la vigencia del acuerdo del cese de acciones de combate.<\/p>\n<p style=\"text-align: justify\">Por su parte, la Viceministra sudafricana manifest\u00f3 la disposici\u00f3n de su pa\u00eds para participar en el proceso de reconstrucci\u00f3n de Siria y apoyar el proyecto de la reconciliaci\u00f3n local en la misma, aseverando\u00a0que la soluci\u00f3n final de la crisis siria se puede alcanzar solamente si ha sido &#8220;una soluci\u00f3n decidida por los propios sirios&#8221;.<\/p>\n<p style=\"text-align: justify\">Asimismo ensalz\u00f3 los esfuerzos desempe\u00f1ados por el Ministerio de Reconciliaci\u00f3n Nacional, destacando la necesidad de que la comunidad internacional apoye a los sirios para que puedan llegar\u00a0por s\u00ed mismos\u00a0 a una soluci\u00f3n que les convenga.<\/p>\n<p>Lynn A.<\/p>\n","protected":false},"excerpt":{"rendered":"<p>Damasco, SANA El ministro del Estado para Asuntos de Reconciliaci\u00f3n Nacional, Ali Haidar, examin\u00f3 hoy el mi\u00e9rcoles con Nomaindia Mfeketo, Viceministra de Relaciones Internacionales y Cooperaci\u00f3n de la Rep\u00fablica de Sud\u00e1frica, y la delegaci\u00f3n que la acompa\u00f1a, los \u00faltimos sucesos pol\u00edticos a nivel internacional y las v\u00edas de promover la cooperaci\u00f3n bilateral, especialmente en materia &hellip;<\/p>\n","protected":false},"author":24,"featured_media":43702,"comment_status":"closed","ping_status":"closed","sticky":false,"template":"","format":"standard","meta":{"footnotes":""},"categories":[477,597,476,7541],"tags":[],"class_list":["post-43701","post","type-post","status-publish","format-standard","has-post-thumbnail","","category-noticias-edulcorantes","category-cinta-de-noticias","category-locales","category-ultimas-noticias"],"_links":{"self":[{"href":"https:\/\/archive.sana.sy\/es\/index.php?rest_route=\/wp\/v2\/posts\/43701"}],"collection":[{"href":"https:\/\/archive.sana.sy\/es\/index.php?rest_route=\/wp\/v2\/posts"}],"about":[{"href":"https:\/\/archive.sana.sy\/es\/index.php?rest_route=\/wp\/v2\/types\/post"}],"author":[{"embeddable":true,"href":"https:\/\/archive.sana.sy\/es\/index.php?rest_route=\/wp\/v2\/users\/24"}],"replies":[{"embeddable":true,"href":"https:\/\/archive.sana.sy\/es\/index.php?rest_route=%2Fwp%2Fv2%2Fcomments&post=43701"}],"version-history":[{"count":0,"href":"https:\/\/archive.sana.sy\/es\/index.php?rest_route=\/wp\/v2\/posts\/43701\/revisions"}],"wp:featuredmedia":[{"embeddable":true,"href":"https:\/\/archive.sana.sy\/es\/index.php?rest_route=\/wp\/v2\/media\/43702"}],"wp:attachment":[{"href":"https:\/\/archive.sana.sy\/es\/index.php?rest_route=%2Fwp%2Fv2%2Fmedia&parent=43701"}],"wp:term":[{"taxonomy":"category","embeddable":true,"href":"https:\/\/archive.sana.sy\/es\/index.php?rest_route=%2Fwp%2Fv2%2Fcategories&post=43701"},{"taxonomy":"post_tag","embeddable":true,"href":"https:\/\/archive.sana.sy\/es\/index.php?rest_route=%2Fwp%2Fv2%2Ftags&post=43701"}],"curies":[{"name":"wp","href":"https:\/\/api.w.org\/{rel}","templated":true}]}}