{"id":43709,"date":"2016-05-18T17:40:21","date_gmt":"2016-05-18T14:40:21","guid":{"rendered":"http:\/\/www.sana.sy\/es\/?p=43709"},"modified":"2016-05-18T19:37:25","modified_gmt":"2016-05-18T16:37:25","slug":"de-mistura-expresa-optimismo-respecto-a-una-pronta-reanudacion-del-dialogo-intersirio","status":"publish","type":"post","link":"https:\/\/archive.sana.sy\/es\/?p=43709","title":{"rendered":"De Mistura expresa optimismo respecto a una pronta reanudaci\u00f3n del di\u00e1logo intersirio"},"content":{"rendered":"<p><span style=\"color: #800000\">Viena, SANA<\/span><\/p>\n<p style=\"text-align: justify\">El enviado especial de la ONU, Staffan de Mistura, expres\u00f3 optimismo respecto a la posibilidad de reanudar el di\u00e1logo sirio-sirio en Ginebra en un plazo cercano.<\/p>\n<p style=\"text-align: justify\">En declaraciones concedidas a la prensa este mi\u00e9rcoles, De Mistura aludi\u00f3 a la posibilidad de una pronta\u00a0reanudaci\u00f3n de las conversaciones intersirias, puesto que es obvio que \u201cno hay una soluci\u00f3n militar de la crisis en Siria\u201d.<\/p>\n<p style=\"text-align: justify\">\u201cNecesitamos hacerlo lo antes posible\u00a0si no las conversaciones perder\u00e1n su intensidad\u201d, explic\u00f3, a\u00f1adiendo que los bandos sirios deben tomar en consideraci\u00f3n que el mes de Ramanda (mes de ayuno) iniciar\u00e1 el seis del pr\u00f3ximo mes de junio.<\/p>\n<p style=\"text-align: justify\">El Grupo Internacional de Apoyo a Siria acord\u00f3 ayer reanudar el di\u00e1logo sirio-sirio en Ginebra y reforzar el acuerdo del cese de acciones de combate, y exigi\u00f3 los grupos de la \u201coposici\u00f3n armada\u201d a desvincularse de las organizaciones terroristas del Estado Isl\u00e1mico y el Frente de al-Nousra.<\/p>\n<p>&nbsp;<\/p>\n<p>&nbsp;<\/p>\n<p>Lynn A.<\/p>\n","protected":false},"excerpt":{"rendered":"<p>Viena, SANA El enviado especial de la ONU, Staffan de Mistura, expres\u00f3 optimismo respecto a la posibilidad de reanudar el di\u00e1logo sirio-sirio en Ginebra en un plazo cercano. En declaraciones concedidas a la prensa este mi\u00e9rcoles, De Mistura aludi\u00f3 a la posibilidad de una pronta\u00a0reanudaci\u00f3n de las conversaciones intersirias, puesto que es obvio que \u201cno &hellip;<\/p>\n","protected":false},"author":24,"featured_media":39338,"comment_status":"closed","ping_status":"closed","sticky":false,"template":"","format":"standard","meta":{"footnotes":""},"categories":[597,467,7541],"tags":[],"class_list":["post-43709","post","type-post","status-publish","format-standard","has-post-thumbnail","","category-cinta-de-noticias","category-siria-y-el-mundo","category-ultimas-noticias"],"_links":{"self":[{"href":"https:\/\/archive.sana.sy\/es\/index.php?rest_route=\/wp\/v2\/posts\/43709"}],"collection":[{"href":"https:\/\/archive.sana.sy\/es\/index.php?rest_route=\/wp\/v2\/posts"}],"about":[{"href":"https:\/\/archive.sana.sy\/es\/index.php?rest_route=\/wp\/v2\/types\/post"}],"author":[{"embeddable":true,"href":"https:\/\/archive.sana.sy\/es\/index.php?rest_route=\/wp\/v2\/users\/24"}],"replies":[{"embeddable":true,"href":"https:\/\/archive.sana.sy\/es\/index.php?rest_route=%2Fwp%2Fv2%2Fcomments&post=43709"}],"version-history":[{"count":0,"href":"https:\/\/archive.sana.sy\/es\/index.php?rest_route=\/wp\/v2\/posts\/43709\/revisions"}],"wp:featuredmedia":[{"embeddable":true,"href":"https:\/\/archive.sana.sy\/es\/index.php?rest_route=\/wp\/v2\/media\/39338"}],"wp:attachment":[{"href":"https:\/\/archive.sana.sy\/es\/index.php?rest_route=%2Fwp%2Fv2%2Fmedia&parent=43709"}],"wp:term":[{"taxonomy":"category","embeddable":true,"href":"https:\/\/archive.sana.sy\/es\/index.php?rest_route=%2Fwp%2Fv2%2Fcategories&post=43709"},{"taxonomy":"post_tag","embeddable":true,"href":"https:\/\/archive.sana.sy\/es\/index.php?rest_route=%2Fwp%2Fv2%2Ftags&post=43709"}],"curies":[{"name":"wp","href":"https:\/\/api.w.org\/{rel}","templated":true}]}}