{"id":43715,"date":"2016-05-18T18:26:42","date_gmt":"2016-05-18T15:26:42","guid":{"rendered":"http:\/\/www.sana.sy\/es\/?p=43715"},"modified":"2016-05-18T19:19:09","modified_gmt":"2016-05-18T16:19:09","slug":"ministro-haidar-dar-los-ultimos-retoques-a-la-reconciliacion-local-en-la-ciudad-de-qudsaya","status":"publish","type":"post","link":"https:\/\/archive.sana.sy\/es\/?p=43715","title":{"rendered":"Ministro Haidar: dar los \u00faltimos retoques a la reconciliaci\u00f3n local en la ciudad de Qudsaya"},"content":{"rendered":"<p><span style=\"color: #800000\">Damasco-campo, SANA<\/span><\/p>\n<p style=\"text-align: justify\">El ministro del Estado para Asuntos de Reconciliaci\u00f3n Nacional, Ali Haidar se\u00f1al\u00f3 que se dieron los \u00faltimos retoques para la realizaci\u00f3n de una reconciliaci\u00f3n real a nivel de toda la ciudad de Qudsaya en Damasco-campo, y convertir a la misma al centro de las reconciliaciones locales en\u00a0toda la zona.<\/p>\n<p style=\"text-align: justify\">Al reunirse con vecinos y representantes de los comit\u00e9s de reconciliaci\u00f3n de Qudsaya, el ministro Haidar se\u00f1al\u00f3 que su ministerio ha avanzado bien en el proyecto de la reconciliaci\u00f3n en dicha ciudad, asegurando\u00a0que las\u00a0peque\u00f1as problem\u00e1ticas que se resolver\u00e1n pronto.<\/p>\n<p style=\"text-align: justify\">Destac\u00f3 la seriedad del gobierno a la hora de realizar la reconciliaci\u00f3n en Qudsaya, y llam\u00f3 a los vecinos de dicha ciudad a cooperar m\u00e1s y poner los intereses generales encima de los privados, denunciando que algunas partes tratan de torpedear las reconciliaciones nacionales.<\/p>\n<p style=\"text-align: justify\">El ministro efectu\u00f3 luego una gira en\u00a0varios puntos de control en la ciudad de Qudsaya y escuch\u00f3 a algunos habitantes de la misma sus visiones y sugerencias para terminar\u00a0el proyecto de reconciliaci\u00f3n en su ciudad.<\/p>\n<p style=\"text-align: justify\">En declaraciones a SANA, el presidente del Consejo municipal de Qudsaya se\u00f1al\u00f3 que esta ciudad es una de las primeras zonas que han entrado en las reconciliaciones, a\u00f1adiendo que la mayor\u00eda de sus habitantes desean que la vida vuelva a su normalidad a la misma.<\/p>\n<p style=\"text-align: justify\">Una de las destacadas figuras de Qudsaya revel\u00f3\u00a0que los armados pidieron a los comit\u00e9s de reconciliaci\u00f3n que jugaran\u00a0un papel de mediador con las autoridades correspondientes para regularizar su\u00a0estatus jur\u00eddico, y expresaron su disposici\u00f3n para formar parte de cualquier soluci\u00f3n en el marco de la reconciliaci\u00f3n, as\u00ed como manifestaron su rechazo a la ideolog\u00eda takfirista oscurantista.<\/p>\n<p>&nbsp;<\/p>\n<div id='gallery-1' class='gallery galleryid-43715 gallery-columns-3 gallery-size-thumbnail'><figure class='gallery-item'>\n\t\t\t<div class='gallery-icon landscape'>\n\t\t\t\t<a href='https:\/\/archive.sana.sy\/es\/wp-content\/uploads\/2016\/05\/ministro-Haidar-en-Qudsaya-4jpg.jpg'><img loading=\"lazy\" decoding=\"async\" width=\"150\" height=\"100\" src=\"https:\/\/archive.sana.sy\/es\/wp-content\/uploads\/2016\/05\/ministro-Haidar-en-Qudsaya-4jpg-150x100.jpg\" class=\"attachment-thumbnail size-thumbnail\" alt=\"\" srcset=\"https:\/\/archive.sana.sy\/es\/wp-content\/uploads\/2016\/05\/ministro-Haidar-en-Qudsaya-4jpg-150x100.jpg 150w, https:\/\/archive.sana.sy\/es\/wp-content\/uploads\/2016\/05\/ministro-Haidar-en-Qudsaya-4jpg-300x200.jpg 300w, https:\/\/archive.sana.sy\/es\/wp-content\/uploads\/2016\/05\/ministro-Haidar-en-Qudsaya-4jpg-768x511.jpg 768w, https:\/\/archive.sana.sy\/es\/wp-content\/uploads\/2016\/05\/ministro-Haidar-en-Qudsaya-4jpg-1024x681.jpg 1024w, https:\/\/archive.sana.sy\/es\/wp-content\/uploads\/2016\/05\/ministro-Haidar-en-Qudsaya-4jpg-310x205.jpg 310w\" sizes=\"(max-width: 150px) 100vw, 150px\" \/><\/a>\n\t\t\t<\/div><\/figure><figure class='gallery-item'>\n\t\t\t<div class='gallery-icon landscape'>\n\t\t\t\t<a href='https:\/\/archive.sana.sy\/es\/wp-content\/uploads\/2016\/05\/ministro-Haidar-en-Qudsaya.jpg'><img loading=\"lazy\" decoding=\"async\" width=\"150\" height=\"75\" src=\"https:\/\/archive.sana.sy\/es\/wp-content\/uploads\/2016\/05\/ministro-Haidar-en-Qudsaya-150x75.jpg\" class=\"attachment-thumbnail size-thumbnail\" alt=\"\" srcset=\"https:\/\/archive.sana.sy\/es\/wp-content\/uploads\/2016\/05\/ministro-Haidar-en-Qudsaya-150x75.jpg 150w, https:\/\/archive.sana.sy\/es\/wp-content\/uploads\/2016\/05\/ministro-Haidar-en-Qudsaya-300x150.jpg 300w, https:\/\/archive.sana.sy\/es\/wp-content\/uploads\/2016\/05\/ministro-Haidar-en-Qudsaya.jpg 660w\" sizes=\"(max-width: 150px) 100vw, 150px\" \/><\/a>\n\t\t\t<\/div><\/figure><figure class='gallery-item'>\n\t\t\t<div class='gallery-icon landscape'>\n\t\t\t\t<a href='https:\/\/archive.sana.sy\/es\/wp-content\/uploads\/2016\/05\/ministro-haidar-Qudsaya-2.jpg'><img loading=\"lazy\" decoding=\"async\" width=\"150\" height=\"100\" src=\"https:\/\/archive.sana.sy\/es\/wp-content\/uploads\/2016\/05\/ministro-haidar-Qudsaya-2-150x100.jpg\" class=\"attachment-thumbnail size-thumbnail\" alt=\"\" srcset=\"https:\/\/archive.sana.sy\/es\/wp-content\/uploads\/2016\/05\/ministro-haidar-Qudsaya-2-150x100.jpg 150w, https:\/\/archive.sana.sy\/es\/wp-content\/uploads\/2016\/05\/ministro-haidar-Qudsaya-2-300x200.jpg 300w, https:\/\/archive.sana.sy\/es\/wp-content\/uploads\/2016\/05\/ministro-haidar-Qudsaya-2-768x511.jpg 768w, https:\/\/archive.sana.sy\/es\/wp-content\/uploads\/2016\/05\/ministro-haidar-Qudsaya-2-1024x681.jpg 1024w, https:\/\/archive.sana.sy\/es\/wp-content\/uploads\/2016\/05\/ministro-haidar-Qudsaya-2-310x205.jpg 310w\" sizes=\"(max-width: 150px) 100vw, 150px\" \/><\/a>\n\t\t\t<\/div><\/figure><figure class='gallery-item'>\n\t\t\t<div class='gallery-icon landscape'>\n\t\t\t\t<a href='https:\/\/archive.sana.sy\/es\/wp-content\/uploads\/2016\/05\/ministro-Haidar-en-Qudsaya-3.jpg'><img loading=\"lazy\" decoding=\"async\" width=\"150\" height=\"100\" src=\"https:\/\/archive.sana.sy\/es\/wp-content\/uploads\/2016\/05\/ministro-Haidar-en-Qudsaya-3-150x100.jpg\" class=\"attachment-thumbnail size-thumbnail\" alt=\"\" srcset=\"https:\/\/archive.sana.sy\/es\/wp-content\/uploads\/2016\/05\/ministro-Haidar-en-Qudsaya-3-150x100.jpg 150w, https:\/\/archive.sana.sy\/es\/wp-content\/uploads\/2016\/05\/ministro-Haidar-en-Qudsaya-3-300x200.jpg 300w, https:\/\/archive.sana.sy\/es\/wp-content\/uploads\/2016\/05\/ministro-Haidar-en-Qudsaya-3-768x511.jpg 768w, https:\/\/archive.sana.sy\/es\/wp-content\/uploads\/2016\/05\/ministro-Haidar-en-Qudsaya-3-1024x681.jpg 1024w, https:\/\/archive.sana.sy\/es\/wp-content\/uploads\/2016\/05\/ministro-Haidar-en-Qudsaya-3-310x205.jpg 310w\" sizes=\"(max-width: 150px) 100vw, 150px\" \/><\/a>\n\t\t\t<\/div><\/figure>\n\t\t<\/div>\n\nLynn A.<\/p>\n","protected":false},"excerpt":{"rendered":"<p>Damasco-campo, SANA El ministro del Estado para Asuntos de Reconciliaci\u00f3n Nacional, Ali Haidar se\u00f1al\u00f3 que se dieron los \u00faltimos retoques para la realizaci\u00f3n de una reconciliaci\u00f3n real a nivel de toda la ciudad de Qudsaya en Damasco-campo, y convertir a la misma al centro de las reconciliaciones locales en\u00a0toda la zona. Al reunirse con vecinos &hellip;<\/p>\n","protected":false},"author":24,"featured_media":43717,"comment_status":"closed","ping_status":"closed","sticky":false,"template":"","format":"standard","meta":{"footnotes":""},"categories":[477,476,7541],"tags":[],"class_list":["post-43715","post","type-post","status-publish","format-standard","has-post-thumbnail","","category-noticias-edulcorantes","category-locales","category-ultimas-noticias"],"_links":{"self":[{"href":"https:\/\/archive.sana.sy\/es\/index.php?rest_route=\/wp\/v2\/posts\/43715"}],"collection":[{"href":"https:\/\/archive.sana.sy\/es\/index.php?rest_route=\/wp\/v2\/posts"}],"about":[{"href":"https:\/\/archive.sana.sy\/es\/index.php?rest_route=\/wp\/v2\/types\/post"}],"author":[{"embeddable":true,"href":"https:\/\/archive.sana.sy\/es\/index.php?rest_route=\/wp\/v2\/users\/24"}],"replies":[{"embeddable":true,"href":"https:\/\/archive.sana.sy\/es\/index.php?rest_route=%2Fwp%2Fv2%2Fcomments&post=43715"}],"version-history":[{"count":0,"href":"https:\/\/archive.sana.sy\/es\/index.php?rest_route=\/wp\/v2\/posts\/43715\/revisions"}],"wp:featuredmedia":[{"embeddable":true,"href":"https:\/\/archive.sana.sy\/es\/index.php?rest_route=\/wp\/v2\/media\/43717"}],"wp:attachment":[{"href":"https:\/\/archive.sana.sy\/es\/index.php?rest_route=%2Fwp%2Fv2%2Fmedia&parent=43715"}],"wp:term":[{"taxonomy":"category","embeddable":true,"href":"https:\/\/archive.sana.sy\/es\/index.php?rest_route=%2Fwp%2Fv2%2Fcategories&post=43715"},{"taxonomy":"post_tag","embeddable":true,"href":"https:\/\/archive.sana.sy\/es\/index.php?rest_route=%2Fwp%2Fv2%2Ftags&post=43715"}],"curies":[{"name":"wp","href":"https:\/\/api.w.org\/{rel}","templated":true}]}}