{"id":43747,"date":"2016-05-19T12:57:20","date_gmt":"2016-05-19T09:57:20","guid":{"rendered":"http:\/\/www.sana.sy\/es\/?p=43747"},"modified":"2016-05-19T19:49:40","modified_gmt":"2016-05-19T16:49:40","slug":"peskov-hablar-de-un-cambio-estrategico-de-rusia-hacia-el-este-es-incorrecto","status":"publish","type":"post","link":"https:\/\/archive.sana.sy\/es\/?p=43747","title":{"rendered":"Peskov: Hablar de un cambio estrat\u00e9gico de Rusia hacia el Este es incorrecto"},"content":{"rendered":"<div style=\"text-align: justify\"><span lang=\"ES-TRAD\" style=\"color: #800000\">Mosc\u00fa, SANA<\/span><\/div>\n<div style=\"text-align: justify\"><span lang=\"ES-TRAD\">\u00a0<\/span><\/div>\n<div style=\"text-align: justify\"><span lang=\"ES-TRAD\">El portavoz de la Presidencia de Rusia, Dmitry Peskov, anunci\u00f3 que hablar de un cambio estrat\u00e9gico de Rusia hacia el Este &#8220;no es cierto&#8221;, y agreg\u00f3 que Rusia est\u00e1 interesada en mantener buenas relaciones con todos los pa\u00edses.<\/span><\/div>\n<div style=\"text-align: justify\"><span lang=\"ES-TRAD\">\u00a0<\/span><\/div>\n<div style=\"text-align: justify\"><span lang=\"ES-TRAD\">En declaraciones a la prensa citada por la agencia Sputnik, Peskov dijo que &#8220;Rusia, por ser un pa\u00eds \u00fanico de este tipo en t\u00e9rminos de su posici\u00f3n geopol\u00edtica, no puede marcharse hacia una sola direcci\u00f3n.&#8221;<\/span><\/div>\n<div style=\"text-align: justify\"><span lang=\"ES-TRAD\">\u00a0<\/span><\/div>\n<div style=\"text-align: justify\"><span lang=\"ES-TRAD\">El vocero ruso \u00a0precis\u00f3 que Mosc\u00fa no tiene la intenci\u00f3n de hablar con nadie sobre este tema y a\u00fan no entiende el intento de vincular la cuesti\u00f3n de las sanciones contra Rusia con la cuesti\u00f3n de la aplicaci\u00f3n de los acuerdos de Minsk.<\/span><\/div>\n<div style=\"text-align: justify\"><\/div>\n<div style=\"text-align: justify\"><span style=\"color: #0000ff\">Fady M., Hala B.<\/span><\/div>\n","protected":false},"excerpt":{"rendered":"<p>Mosc\u00fa, SANA \u00a0 El portavoz de la Presidencia de Rusia, Dmitry Peskov, anunci\u00f3 que hablar de un cambio estrat\u00e9gico de Rusia hacia el Este &#8220;no es cierto&#8221;, y agreg\u00f3 que Rusia est\u00e1 interesada en mantener buenas relaciones con todos los pa\u00edses. \u00a0 En declaraciones a la prensa citada por la agencia Sputnik, Peskov dijo que &hellip;<\/p>\n","protected":false},"author":1,"featured_media":43748,"comment_status":"closed","ping_status":"closed","sticky":false,"template":"","format":"standard","meta":{"footnotes":""},"categories":[597,456,457,576,7541],"tags":[8639],"class_list":["post-43747","post","type-post","status-publish","format-standard","has-post-thumbnail","","category-cinta-de-noticias","category-arabe-internacional-politica","category-noticias-arabe-internacional-politica","category-noticias-politicas","category-ultimas-noticias","tag-peskov-hablar-de-un-cambio-estrategico-de-rusia-hacia-el-este-es-incorrecto"],"_links":{"self":[{"href":"https:\/\/archive.sana.sy\/es\/index.php?rest_route=\/wp\/v2\/posts\/43747"}],"collection":[{"href":"https:\/\/archive.sana.sy\/es\/index.php?rest_route=\/wp\/v2\/posts"}],"about":[{"href":"https:\/\/archive.sana.sy\/es\/index.php?rest_route=\/wp\/v2\/types\/post"}],"author":[{"embeddable":true,"href":"https:\/\/archive.sana.sy\/es\/index.php?rest_route=\/wp\/v2\/users\/1"}],"replies":[{"embeddable":true,"href":"https:\/\/archive.sana.sy\/es\/index.php?rest_route=%2Fwp%2Fv2%2Fcomments&post=43747"}],"version-history":[{"count":0,"href":"https:\/\/archive.sana.sy\/es\/index.php?rest_route=\/wp\/v2\/posts\/43747\/revisions"}],"wp:featuredmedia":[{"embeddable":true,"href":"https:\/\/archive.sana.sy\/es\/index.php?rest_route=\/wp\/v2\/media\/43748"}],"wp:attachment":[{"href":"https:\/\/archive.sana.sy\/es\/index.php?rest_route=%2Fwp%2Fv2%2Fmedia&parent=43747"}],"wp:term":[{"taxonomy":"category","embeddable":true,"href":"https:\/\/archive.sana.sy\/es\/index.php?rest_route=%2Fwp%2Fv2%2Fcategories&post=43747"},{"taxonomy":"post_tag","embeddable":true,"href":"https:\/\/archive.sana.sy\/es\/index.php?rest_route=%2Fwp%2Fv2%2Ftags&post=43747"}],"curies":[{"name":"wp","href":"https:\/\/api.w.org\/{rel}","templated":true}]}}