{"id":43790,"date":"2016-05-20T14:25:49","date_gmt":"2016-05-20T11:25:49","guid":{"rendered":"http:\/\/www.sana.sy\/es\/?p=43790"},"modified":"2023-01-09T14:09:29","modified_gmt":"2023-01-09T12:09:29","slug":"unidad-del-ejercito-eliminan-a-10-terroristas-en-hama-la-fuerza-aerea-siria-destruye-sedes-de-daash-en-deir-ez-zour","status":"publish","type":"post","link":"https:\/\/archive.sana.sy\/es\/?p=43790","title":{"rendered":"Unidad del ej\u00e9rcito elimina a 10 terroristas en Hama&#8230; La Fuerza A\u00e9rea siria destruye sedes de &#8220;Daesh&#8221; en Deir ez -Zour"},"content":{"rendered":"<p><span style=\"color: #0000ff\">Deir ez-Zor<\/span><\/p>\n<p style=\"text-align: justify\">La aviaci\u00f3n militar del ej\u00e9rcito sirio destruy\u00f3 sedes y veh\u00edculos de &#8220;Daesh&#8221; durante una serie de redadas realizadas la provincia de Deir ez-Zor.<\/p>\n<p style=\"text-align: justify\">Una fuente militar inform\u00f3 que los aviones de combate llevaron a cabo incursiones contra reuniones y agrupaciones de &#8220;Daesh&#8221; al sur del pueblo Almrieih, situados a 10 km al sur de la ciudad de Deir ez-Zor, as\u00ed mismo fueron destruidos feudos y carros del EI en la prefer\u00eda de la zona de al-Panorama al suroeste de la urbe.<\/p>\n<p style=\"text-align: justify\"><span style=\"color: #0000ff\">Hama<\/span><\/p>\n<p style=\"text-align: justify\">10 terroristas han sido eliminados a manos del ej\u00e9rcito en la provincia de Hama.<\/p>\n<p style=\"text-align: justify\">En el campo noroeste de la provincia c\u00e9ntrica de Hama, una unidad militar destruy\u00f3 pertrechos b\u00e9licos y abati\u00f3 a integrantes del grupo terrorista \u201cEj\u00e9rcito de Conquista\u201d en direcci\u00f3n del poblado Gerbet al-Nakous, seg\u00fan inform\u00f3 una fuente militar.<\/p>\n<p style=\"text-align: justify\">De acuerdo con la fuente, 10 terroristas fueron abatidos a manos de una unidad militar en una operaci\u00f3n en el poblado, antes mencionado.<\/p>\n<p style=\"text-align: justify\">Asimismo, escuadras del ej\u00e9rcito liberaron unas operaciones militares contra posiciones terroristas en las aproximaciones de la aldea de Aydoun al oeste de la ciudad de Salamiya, hiriendo a 6 terroristas, agrego la fuente.<\/p>\n<p style=\"text-align: justify\"><span style=\"color: #0000ff\">Sweida<\/span><\/p>\n<p style=\"text-align: justify\">Grupos de la Defensa Popular acaba con un n\u00famero de terroristas y confiscan armas y municiones en el campo de Sweida.<\/p>\n<p style=\"text-align: justify\"><a href=\"http:\/\/www.sana.sy\/es\/?attachment_id=43793\" rel=\"attachment wp-att-43793\"><img loading=\"lazy\" decoding=\"async\" class=\"alignnone size-medium wp-image-43793\" src=\"http:\/\/www.sana.sy\/es\/wp-content\/uploads\/2016\/05\/sweida-300x150.jpg\" alt=\"sweida\" width=\"300\" height=\"150\" srcset=\"https:\/\/archive.sana.sy\/es\/wp-content\/uploads\/2016\/05\/sweida-300x150.jpg 300w, https:\/\/archive.sana.sy\/es\/wp-content\/uploads\/2016\/05\/sweida-150x75.jpg 150w, https:\/\/archive.sana.sy\/es\/wp-content\/uploads\/2016\/05\/sweida.jpg 660w\" sizes=\"(max-width: 300px) 100vw, 300px\" \/><\/a><\/p>\n<p style=\"text-align: justify\">Una fuente militar inform\u00f3 a SANA, que unidades de la Defensa Popular en la provincia de Sweida acab\u00f3 con la vida de unos terroristas al intentar pasar de contrabando armas y municiones cerca del poblado Kou Hadar.<\/p>\n<p>M.Miri<\/p>\n","protected":false},"excerpt":{"rendered":"<p>Deir ez-Zor La aviaci\u00f3n militar del ej\u00e9rcito sirio destruy\u00f3 sedes y veh\u00edculos de &#8220;Daesh&#8221; durante una serie de redadas realizadas la provincia de Deir ez-Zor. Una fuente militar inform\u00f3 que los aviones de combate llevaron a cabo incursiones contra reuniones y agrupaciones de &#8220;Daesh&#8221; al sur del pueblo Almrieih, situados a 10 km al sur &hellip;<\/p>\n","protected":false},"author":1,"featured_media":43791,"comment_status":"closed","ping_status":"closed","sticky":false,"template":"","format":"standard","meta":{"footnotes":""},"categories":[573,476,583,7541],"tags":[8571],"class_list":["post-43790","post","type-post","status-publish","format-standard","has-post-thumbnail","","category-la-realidad-de-los-acontecimientos-en-siria","category-locales","category-slide","category-ultimas-noticias","tag-ejercito"],"_links":{"self":[{"href":"https:\/\/archive.sana.sy\/es\/index.php?rest_route=\/wp\/v2\/posts\/43790"}],"collection":[{"href":"https:\/\/archive.sana.sy\/es\/index.php?rest_route=\/wp\/v2\/posts"}],"about":[{"href":"https:\/\/archive.sana.sy\/es\/index.php?rest_route=\/wp\/v2\/types\/post"}],"author":[{"embeddable":true,"href":"https:\/\/archive.sana.sy\/es\/index.php?rest_route=\/wp\/v2\/users\/1"}],"replies":[{"embeddable":true,"href":"https:\/\/archive.sana.sy\/es\/index.php?rest_route=%2Fwp%2Fv2%2Fcomments&post=43790"}],"version-history":[{"count":0,"href":"https:\/\/archive.sana.sy\/es\/index.php?rest_route=\/wp\/v2\/posts\/43790\/revisions"}],"wp:featuredmedia":[{"embeddable":true,"href":"https:\/\/archive.sana.sy\/es\/index.php?rest_route=\/wp\/v2\/media\/43791"}],"wp:attachment":[{"href":"https:\/\/archive.sana.sy\/es\/index.php?rest_route=%2Fwp%2Fv2%2Fmedia&parent=43790"}],"wp:term":[{"taxonomy":"category","embeddable":true,"href":"https:\/\/archive.sana.sy\/es\/index.php?rest_route=%2Fwp%2Fv2%2Fcategories&post=43790"},{"taxonomy":"post_tag","embeddable":true,"href":"https:\/\/archive.sana.sy\/es\/index.php?rest_route=%2Fwp%2Fv2%2Ftags&post=43790"}],"curies":[{"name":"wp","href":"https:\/\/api.w.org\/{rel}","templated":true}]}}