{"id":43804,"date":"2016-05-20T16:09:00","date_gmt":"2016-05-20T13:09:00","guid":{"rendered":"http:\/\/www.sana.sy\/es\/?p=43804"},"modified":"2016-05-20T16:09:00","modified_gmt":"2016-05-20T13:09:00","slug":"dos-detenidos-en-petersburgo-por-captar-y-adiestrar-terroristas-para-daesh","status":"publish","type":"post","link":"https:\/\/archive.sana.sy\/es\/?p=43804","title":{"rendered":"Dos detenidos en Petersburgo por captar y adiestrar terroristas para Daesh"},"content":{"rendered":"<p style=\"text-align: justify\"><span style=\"color: #800000\">Mosc\u00fa, SANA<\/span>\u2013 Las Fuerzas de Seguridad de la Federaci\u00f3n Rusa anunci\u00f3 el viernes el arresto de dos ciudadanos de la Rep\u00fablica de Tayikist\u00e1n en la ciudad rusa de Petersburgo, por reclutar combatientes del ISIS.<\/p>\n<p style=\"text-align: justify\">De acuerdo con la agencia rusa de informaci\u00f3n RIA Novosti, la Fuerza de Seguridad rusa ha detenido a dos hombres tayikos implicados en una red de captaci\u00f3n y reclutamiento de personas para su incorporaci\u00f3n a la organizaci\u00f3n terrorista Daesh.<\/p>\n<p style=\"text-align: justify\">Es de se\u00f1alar que el Servicio Federal de Seguridad de la Federaci\u00f3n Rusa anunci\u00f3 el mi\u00e9rcoles el arresto de miembros de un grupo terrorista que planeaba realizar una serie de ataques durante la celebraci\u00f3n del D\u00eda de la Victoria en este mes de mayo en Mosc\u00fa.<\/p>\n<p>M.Miri<\/p>\n","protected":false},"excerpt":{"rendered":"<p>Mosc\u00fa, SANA\u2013 Las Fuerzas de Seguridad de la Federaci\u00f3n Rusa anunci\u00f3 el viernes el arresto de dos ciudadanos de la Rep\u00fablica de Tayikist\u00e1n en la ciudad rusa de Petersburgo, por reclutar combatientes del ISIS. De acuerdo con la agencia rusa de informaci\u00f3n RIA Novosti, la Fuerza de Seguridad rusa ha detenido a dos hombres tayikos &hellip;<\/p>\n","protected":false},"author":1,"featured_media":43805,"comment_status":"closed","ping_status":"closed","sticky":false,"template":"","format":"standard","meta":{"footnotes":""},"categories":[456,457],"tags":[8642,6695],"class_list":["post-43804","post","type-post","status-publish","format-standard","has-post-thumbnail","","category-arabe-internacional-politica","category-noticias-arabe-internacional-politica","tag-detenidos","tag-rusia"],"_links":{"self":[{"href":"https:\/\/archive.sana.sy\/es\/index.php?rest_route=\/wp\/v2\/posts\/43804"}],"collection":[{"href":"https:\/\/archive.sana.sy\/es\/index.php?rest_route=\/wp\/v2\/posts"}],"about":[{"href":"https:\/\/archive.sana.sy\/es\/index.php?rest_route=\/wp\/v2\/types\/post"}],"author":[{"embeddable":true,"href":"https:\/\/archive.sana.sy\/es\/index.php?rest_route=\/wp\/v2\/users\/1"}],"replies":[{"embeddable":true,"href":"https:\/\/archive.sana.sy\/es\/index.php?rest_route=%2Fwp%2Fv2%2Fcomments&post=43804"}],"version-history":[{"count":0,"href":"https:\/\/archive.sana.sy\/es\/index.php?rest_route=\/wp\/v2\/posts\/43804\/revisions"}],"wp:featuredmedia":[{"embeddable":true,"href":"https:\/\/archive.sana.sy\/es\/index.php?rest_route=\/wp\/v2\/media\/43805"}],"wp:attachment":[{"href":"https:\/\/archive.sana.sy\/es\/index.php?rest_route=%2Fwp%2Fv2%2Fmedia&parent=43804"}],"wp:term":[{"taxonomy":"category","embeddable":true,"href":"https:\/\/archive.sana.sy\/es\/index.php?rest_route=%2Fwp%2Fv2%2Fcategories&post=43804"},{"taxonomy":"post_tag","embeddable":true,"href":"https:\/\/archive.sana.sy\/es\/index.php?rest_route=%2Fwp%2Fv2%2Ftags&post=43804"}],"curies":[{"name":"wp","href":"https:\/\/api.w.org\/{rel}","templated":true}]}}