{"id":43817,"date":"2016-05-20T16:58:42","date_gmt":"2016-05-20T13:58:42","guid":{"rendered":"http:\/\/www.sana.sy\/es\/?p=43817"},"modified":"2016-05-20T17:00:59","modified_gmt":"2016-05-20T14:00:59","slug":"desmanteladas-mas-de-20-celulas-terroristas-en-iran","status":"publish","type":"post","link":"https:\/\/archive.sana.sy\/es\/?p=43817","title":{"rendered":"Desmanteladas m\u00e1s de 20 c\u00e9lulas terroristas en Ir\u00e1n"},"content":{"rendered":"<p style=\"text-align: justify\"><span style=\"color: #800000\">Teher\u00e1n, SANA<\/span>&#8211; El ministro iran\u00ed de Inteligencia, Mahmud Alavi, ha informado del desmantelamiento de m\u00e1s de 20 c\u00e9lulas terroristas a lo largo del a\u00f1o pasado que se dispon\u00edan a realizar atentados y actos de sabotaje en el pa\u00eds.<\/p>\n<p style=\"text-align: justify\">Alavi ha se\u00f1alado que se detectaron grandes cantidades de armamentos, municiones y explosivos.<\/p>\n<p style=\"text-align: justify\">En los \u00faltimos meses, las fuerzas de seguridad iran\u00edes han desmantelado varias c\u00e9lulas terroristas en las fronteras occidentales y surorientales del pa\u00eds cuando intentaban infiltrarse en el territorio iran\u00ed para realizar actos terroristas.<\/p>\n<p style=\"text-align: justify\">M.Miri<\/p>\n<p>&nbsp;<\/p>\n","protected":false},"excerpt":{"rendered":"<p>Teher\u00e1n, SANA&#8211; El ministro iran\u00ed de Inteligencia, Mahmud Alavi, ha informado del desmantelamiento de m\u00e1s de 20 c\u00e9lulas terroristas a lo largo del a\u00f1o pasado que se dispon\u00edan a realizar atentados y actos de sabotaje en el pa\u00eds. Alavi ha se\u00f1alado que se detectaron grandes cantidades de armamentos, municiones y explosivos. En los \u00faltimos meses, &hellip;<\/p>\n","protected":false},"author":1,"featured_media":43822,"comment_status":"closed","ping_status":"closed","sticky":false,"template":"","format":"standard","meta":{"footnotes":""},"categories":[456,457],"tags":[2866],"class_list":["post-43817","post","type-post","status-publish","format-standard","has-post-thumbnail","","category-arabe-internacional-politica","category-noticias-arabe-internacional-politica","tag-iran"],"_links":{"self":[{"href":"https:\/\/archive.sana.sy\/es\/index.php?rest_route=\/wp\/v2\/posts\/43817"}],"collection":[{"href":"https:\/\/archive.sana.sy\/es\/index.php?rest_route=\/wp\/v2\/posts"}],"about":[{"href":"https:\/\/archive.sana.sy\/es\/index.php?rest_route=\/wp\/v2\/types\/post"}],"author":[{"embeddable":true,"href":"https:\/\/archive.sana.sy\/es\/index.php?rest_route=\/wp\/v2\/users\/1"}],"replies":[{"embeddable":true,"href":"https:\/\/archive.sana.sy\/es\/index.php?rest_route=%2Fwp%2Fv2%2Fcomments&post=43817"}],"version-history":[{"count":0,"href":"https:\/\/archive.sana.sy\/es\/index.php?rest_route=\/wp\/v2\/posts\/43817\/revisions"}],"wp:featuredmedia":[{"embeddable":true,"href":"https:\/\/archive.sana.sy\/es\/index.php?rest_route=\/wp\/v2\/media\/43822"}],"wp:attachment":[{"href":"https:\/\/archive.sana.sy\/es\/index.php?rest_route=%2Fwp%2Fv2%2Fmedia&parent=43817"}],"wp:term":[{"taxonomy":"category","embeddable":true,"href":"https:\/\/archive.sana.sy\/es\/index.php?rest_route=%2Fwp%2Fv2%2Fcategories&post=43817"},{"taxonomy":"post_tag","embeddable":true,"href":"https:\/\/archive.sana.sy\/es\/index.php?rest_route=%2Fwp%2Fv2%2Ftags&post=43817"}],"curies":[{"name":"wp","href":"https:\/\/api.w.org\/{rel}","templated":true}]}}