{"id":43819,"date":"2016-05-20T16:59:03","date_gmt":"2016-05-20T13:59:03","guid":{"rendered":"http:\/\/www.sana.sy\/es\/?p=43819"},"modified":"2016-05-20T16:59:03","modified_gmt":"2016-05-20T13:59:03","slug":"mueren-4-personas-al-estrellarse-un-helicoptero-policial-en-francia","status":"publish","type":"post","link":"https:\/\/archive.sana.sy\/es\/?p=43819","title":{"rendered":"Mueren 4 personas al estrellarse un helic\u00f3ptero policial en Francia"},"content":{"rendered":"<p style=\"text-align: justify\"><span style=\"color: #800000\">Par\u00eds, SANA<\/span>&#8211; Un helic\u00f3ptero de la polic\u00eda francesa se estrell\u00f3 el viernes a mediod\u00eda en el sudeste de Francia, en la regi\u00f3n de Altos Pirineos, y los cuatro militares a bordo murieron, inform\u00f3 la agencia de noticias AFP.<\/p>\n<p style=\"text-align: justify\">El helic\u00f3ptero participaba en ejercicios de rescate de monta\u00f1a y se estrell\u00f3 cerca de la localidad de Cauterets, seg\u00fan revel\u00f3 una fuente militar local francesa.<\/p>\n<p style=\"text-align: justify\">Las v\u00edctimas son el piloto, el copiloto y dos agentes socorristas, miembros de un pelot\u00f3n de la polic\u00eda.<\/p>\n<p>M.Miri<\/p>\n","protected":false},"excerpt":{"rendered":"<p>Par\u00eds, SANA&#8211; Un helic\u00f3ptero de la polic\u00eda francesa se estrell\u00f3 el viernes a mediod\u00eda en el sudeste de Francia, en la regi\u00f3n de Altos Pirineos, y los cuatro militares a bordo murieron, inform\u00f3 la agencia de noticias AFP. El helic\u00f3ptero participaba en ejercicios de rescate de monta\u00f1a y se estrell\u00f3 cerca de la localidad de &hellip;<\/p>\n","protected":false},"author":1,"featured_media":43820,"comment_status":"closed","ping_status":"closed","sticky":false,"template":"","format":"standard","meta":{"footnotes":""},"categories":[456,457],"tags":[8644],"class_list":["post-43819","post","type-post","status-publish","format-standard","has-post-thumbnail","","category-arabe-internacional-politica","category-noticias-arabe-internacional-politica","tag-francia"],"_links":{"self":[{"href":"https:\/\/archive.sana.sy\/es\/index.php?rest_route=\/wp\/v2\/posts\/43819"}],"collection":[{"href":"https:\/\/archive.sana.sy\/es\/index.php?rest_route=\/wp\/v2\/posts"}],"about":[{"href":"https:\/\/archive.sana.sy\/es\/index.php?rest_route=\/wp\/v2\/types\/post"}],"author":[{"embeddable":true,"href":"https:\/\/archive.sana.sy\/es\/index.php?rest_route=\/wp\/v2\/users\/1"}],"replies":[{"embeddable":true,"href":"https:\/\/archive.sana.sy\/es\/index.php?rest_route=%2Fwp%2Fv2%2Fcomments&post=43819"}],"version-history":[{"count":0,"href":"https:\/\/archive.sana.sy\/es\/index.php?rest_route=\/wp\/v2\/posts\/43819\/revisions"}],"wp:featuredmedia":[{"embeddable":true,"href":"https:\/\/archive.sana.sy\/es\/index.php?rest_route=\/wp\/v2\/media\/43820"}],"wp:attachment":[{"href":"https:\/\/archive.sana.sy\/es\/index.php?rest_route=%2Fwp%2Fv2%2Fmedia&parent=43819"}],"wp:term":[{"taxonomy":"category","embeddable":true,"href":"https:\/\/archive.sana.sy\/es\/index.php?rest_route=%2Fwp%2Fv2%2Fcategories&post=43819"},{"taxonomy":"post_tag","embeddable":true,"href":"https:\/\/archive.sana.sy\/es\/index.php?rest_route=%2Fwp%2Fv2%2Ftags&post=43819"}],"curies":[{"name":"wp","href":"https:\/\/api.w.org\/{rel}","templated":true}]}}