{"id":43834,"date":"2016-05-21T13:18:27","date_gmt":"2016-05-21T10:18:27","guid":{"rendered":"http:\/\/www.sana.sy\/es\/?p=43834"},"modified":"2016-05-21T17:09:18","modified_gmt":"2016-05-21T14:09:18","slug":"inicia-el-foro-estudiantil-arabe-para-apoyar-el-derecho-de-retorno-palestino","status":"publish","type":"post","link":"https:\/\/archive.sana.sy\/es\/?p=43834","title":{"rendered":"Inicia el Foro Estudiantil \u00c1rabe para apoyar el derecho de retorno palestino"},"content":{"rendered":"<p><span style=\"color: #800000\">Damasco, SANA<\/span><\/p>\n<p>Han iniciado en la ma\u00f1ana de este s\u00e1bado las actividades del Foro Estudiantil \u00c1rabe para apoyar el derecho de retorno palestino.<\/p>\n<p>El foro se celebra en la Facultad de Ingenier\u00eda Civil de la Universidad de Damasco bajo el lema: \u201cel retorno es un compromiso\u201d.<\/p>\n<p>Participan en el evento representantes de las facciones palestinas y de varias organizaciones estudiantiles \u00e1rabes.<\/p>\n<p>&nbsp;<br \/>\nFady M., Lynn A.<\/p>\n","protected":false},"excerpt":{"rendered":"<p>Damasco, SANA Han iniciado en la ma\u00f1ana de este s\u00e1bado las actividades del Foro Estudiantil \u00c1rabe para apoyar el derecho de retorno palestino. El foro se celebra en la Facultad de Ingenier\u00eda Civil de la Universidad de Damasco bajo el lema: \u201cel retorno es un compromiso\u201d. Participan en el evento representantes de las facciones palestinas &hellip;<\/p>\n","protected":false},"author":24,"featured_media":43856,"comment_status":"closed","ping_status":"closed","sticky":false,"template":"","format":"standard","meta":{"footnotes":""},"categories":[477,597,476,7541],"tags":[],"class_list":["post-43834","post","type-post","status-publish","format-standard","has-post-thumbnail","","category-noticias-edulcorantes","category-cinta-de-noticias","category-locales","category-ultimas-noticias"],"_links":{"self":[{"href":"https:\/\/archive.sana.sy\/es\/index.php?rest_route=\/wp\/v2\/posts\/43834"}],"collection":[{"href":"https:\/\/archive.sana.sy\/es\/index.php?rest_route=\/wp\/v2\/posts"}],"about":[{"href":"https:\/\/archive.sana.sy\/es\/index.php?rest_route=\/wp\/v2\/types\/post"}],"author":[{"embeddable":true,"href":"https:\/\/archive.sana.sy\/es\/index.php?rest_route=\/wp\/v2\/users\/24"}],"replies":[{"embeddable":true,"href":"https:\/\/archive.sana.sy\/es\/index.php?rest_route=%2Fwp%2Fv2%2Fcomments&post=43834"}],"version-history":[{"count":0,"href":"https:\/\/archive.sana.sy\/es\/index.php?rest_route=\/wp\/v2\/posts\/43834\/revisions"}],"wp:featuredmedia":[{"embeddable":true,"href":"https:\/\/archive.sana.sy\/es\/index.php?rest_route=\/wp\/v2\/media\/43856"}],"wp:attachment":[{"href":"https:\/\/archive.sana.sy\/es\/index.php?rest_route=%2Fwp%2Fv2%2Fmedia&parent=43834"}],"wp:term":[{"taxonomy":"category","embeddable":true,"href":"https:\/\/archive.sana.sy\/es\/index.php?rest_route=%2Fwp%2Fv2%2Fcategories&post=43834"},{"taxonomy":"post_tag","embeddable":true,"href":"https:\/\/archive.sana.sy\/es\/index.php?rest_route=%2Fwp%2Fv2%2Ftags&post=43834"}],"curies":[{"name":"wp","href":"https:\/\/api.w.org\/{rel}","templated":true}]}}