{"id":43837,"date":"2016-05-21T11:21:19","date_gmt":"2016-05-21T08:21:19","guid":{"rendered":"http:\/\/www.sana.sy\/es\/?p=43837"},"modified":"2016-05-21T13:54:12","modified_gmt":"2016-05-21T10:54:12","slug":"inteligencia-holandesa-ei-planea-perpetrar-ataques-terroristas-en-europa-usando-ninos","status":"publish","type":"post","link":"https:\/\/archive.sana.sy\/es\/?p=43837","title":{"rendered":"Inteligencia holandesa: EI planea perpetrar ataques terroristas en Europa usando ni\u00f1os"},"content":{"rendered":"<p><span style=\"color: #800000\">Viena, SANA<\/span><\/p>\n<p>El jefe de la inteligencia holandesa, Aavid Rob Bartolh, advirti\u00f3 que la organizaci\u00f3n terrorista del Estado Isl\u00e1mico (EI) est\u00e1 formando a los ni\u00f1os para combatir y les est\u00e1n sometiendo a entrenamiento militar en varias zonas de Siria, adem\u00e1s de adoctrinarlos con ideas extremistas para persuadirlos a llevar a cabo atentados suicidas en Europa.<\/p>\n<p>Bartolh dijo en un informe de seguridad que transmiti\u00f3 a la UE durante una reuni\u00f3n de seguridad en la capital alemana, que &#8220;no descarta ninguna hip\u00f3tesis terrorista llevada a cabo por menores de edad y adultos j\u00f3venes que se consideran ni\u00f1os&#8221;, a\u00f1adiendo que \u00e9stos formar\u00edan la mayor amenaza para la seguridad y la estabilidad en Europa despu\u00e9s de terminarse su formaci\u00f3n para llevar ataques terroristas y explosiones por todas partes.<\/p>\n<p>Seg\u00fan revelaron medios de comunicaci\u00f3n holandeses, las inteligencias de Alemania, Australia y Holanda, no se descartan las amenazas de llevar a cabo ataques terroristas, especialmente despu\u00e9s de los ataques de Par\u00eds y Bruselas, y la infiltraci\u00f3n de un n\u00famero desconocido de terroristas con las olas de refugiados que llegaron a Europa.<\/p>\n<p>&nbsp;<\/p>\n<p>&nbsp;<\/p>\n<p>Fady M., Lynn A.<\/p>\n","protected":false},"excerpt":{"rendered":"<p>Viena, SANA El jefe de la inteligencia holandesa, Aavid Rob Bartolh, advirti\u00f3 que la organizaci\u00f3n terrorista del Estado Isl\u00e1mico (EI) est\u00e1 formando a los ni\u00f1os para combatir y les est\u00e1n sometiendo a entrenamiento militar en varias zonas de Siria, adem\u00e1s de adoctrinarlos con ideas extremistas para persuadirlos a llevar a cabo atentados suicidas en Europa. &hellip;<\/p>\n","protected":false},"author":24,"featured_media":15926,"comment_status":"closed","ping_status":"closed","sticky":false,"template":"","format":"standard","meta":{"footnotes":""},"categories":[456,457,7541],"tags":[],"class_list":["post-43837","post","type-post","status-publish","format-standard","has-post-thumbnail","","category-arabe-internacional-politica","category-noticias-arabe-internacional-politica","category-ultimas-noticias"],"_links":{"self":[{"href":"https:\/\/archive.sana.sy\/es\/index.php?rest_route=\/wp\/v2\/posts\/43837"}],"collection":[{"href":"https:\/\/archive.sana.sy\/es\/index.php?rest_route=\/wp\/v2\/posts"}],"about":[{"href":"https:\/\/archive.sana.sy\/es\/index.php?rest_route=\/wp\/v2\/types\/post"}],"author":[{"embeddable":true,"href":"https:\/\/archive.sana.sy\/es\/index.php?rest_route=\/wp\/v2\/users\/24"}],"replies":[{"embeddable":true,"href":"https:\/\/archive.sana.sy\/es\/index.php?rest_route=%2Fwp%2Fv2%2Fcomments&post=43837"}],"version-history":[{"count":0,"href":"https:\/\/archive.sana.sy\/es\/index.php?rest_route=\/wp\/v2\/posts\/43837\/revisions"}],"wp:featuredmedia":[{"embeddable":true,"href":"https:\/\/archive.sana.sy\/es\/index.php?rest_route=\/wp\/v2\/media\/15926"}],"wp:attachment":[{"href":"https:\/\/archive.sana.sy\/es\/index.php?rest_route=%2Fwp%2Fv2%2Fmedia&parent=43837"}],"wp:term":[{"taxonomy":"category","embeddable":true,"href":"https:\/\/archive.sana.sy\/es\/index.php?rest_route=%2Fwp%2Fv2%2Fcategories&post=43837"},{"taxonomy":"post_tag","embeddable":true,"href":"https:\/\/archive.sana.sy\/es\/index.php?rest_route=%2Fwp%2Fv2%2Ftags&post=43837"}],"curies":[{"name":"wp","href":"https:\/\/api.w.org\/{rel}","templated":true}]}}