{"id":43849,"date":"2016-05-21T16:19:29","date_gmt":"2016-05-21T13:19:29","guid":{"rendered":"http:\/\/www.sana.sy\/es\/?p=43849"},"modified":"2016-05-22T20:09:44","modified_gmt":"2016-05-22T17:09:44","slug":"desmienten-salida-de-humo-del-avion-del-egyptair-antes-de-que-se-estrellara","status":"publish","type":"post","link":"https:\/\/archive.sana.sy\/es\/?p=43849","title":{"rendered":"Desmienten presencia de humo en el avi\u00f3n EgyptAir antes de su desaparici\u00f3n"},"content":{"rendered":"<p><span style=\"color: #800000\">El Cairo, SANA<\/span><\/p>\n<p>El ministro de Aviaci\u00f3n Civil de Egipto, Sharif Fathi, desminti\u00f3 este s\u00e1bado noticias sobre la presencia de humo en el avi\u00f3n A320 de la aerol\u00ednea EgyptAir desaparecido anteayer de los radares ante de que se estrellara sobre el mar Mediterr\u00e1neo.<\/p>\n<p>La p\u00e1gina web del sitio Akhbar Masr cit\u00f3 a Fathi diciendo que las noticias de que se detect\u00f3 humo en diferentes partes del avi\u00f3n antes de que se estrellara son infundadas y carecen de veracidad.<\/p>\n<p>Cabe destacar que el avi\u00f3n trasportaba a 30 egipcios, 15 franceses, 2 iraqu\u00edes y ciudadanos de Canad\u00e1, B\u00e9lgica, Arabia Saudita, Reino Unido, Portugal, Kuwait, Argelia, Chad y Sud\u00e1n.<\/p>\n<p>Lynn A.<\/p>\n","protected":false},"excerpt":{"rendered":"<p>El Cairo, SANA El ministro de Aviaci\u00f3n Civil de Egipto, Sharif Fathi, desminti\u00f3 este s\u00e1bado noticias sobre la presencia de humo en el avi\u00f3n A320 de la aerol\u00ednea EgyptAir desaparecido anteayer de los radares ante de que se estrellara sobre el mar Mediterr\u00e1neo. La p\u00e1gina web del sitio Akhbar Masr cit\u00f3 a Fathi diciendo que &hellip;<\/p>\n","protected":false},"author":24,"featured_media":43797,"comment_status":"closed","ping_status":"closed","sticky":false,"template":"","format":"standard","meta":{"footnotes":""},"categories":[456,457,7541],"tags":[],"class_list":["post-43849","post","type-post","status-publish","format-standard","has-post-thumbnail","","category-arabe-internacional-politica","category-noticias-arabe-internacional-politica","category-ultimas-noticias"],"_links":{"self":[{"href":"https:\/\/archive.sana.sy\/es\/index.php?rest_route=\/wp\/v2\/posts\/43849"}],"collection":[{"href":"https:\/\/archive.sana.sy\/es\/index.php?rest_route=\/wp\/v2\/posts"}],"about":[{"href":"https:\/\/archive.sana.sy\/es\/index.php?rest_route=\/wp\/v2\/types\/post"}],"author":[{"embeddable":true,"href":"https:\/\/archive.sana.sy\/es\/index.php?rest_route=\/wp\/v2\/users\/24"}],"replies":[{"embeddable":true,"href":"https:\/\/archive.sana.sy\/es\/index.php?rest_route=%2Fwp%2Fv2%2Fcomments&post=43849"}],"version-history":[{"count":0,"href":"https:\/\/archive.sana.sy\/es\/index.php?rest_route=\/wp\/v2\/posts\/43849\/revisions"}],"wp:featuredmedia":[{"embeddable":true,"href":"https:\/\/archive.sana.sy\/es\/index.php?rest_route=\/wp\/v2\/media\/43797"}],"wp:attachment":[{"href":"https:\/\/archive.sana.sy\/es\/index.php?rest_route=%2Fwp%2Fv2%2Fmedia&parent=43849"}],"wp:term":[{"taxonomy":"category","embeddable":true,"href":"https:\/\/archive.sana.sy\/es\/index.php?rest_route=%2Fwp%2Fv2%2Fcategories&post=43849"},{"taxonomy":"post_tag","embeddable":true,"href":"https:\/\/archive.sana.sy\/es\/index.php?rest_route=%2Fwp%2Fv2%2Ftags&post=43849"}],"curies":[{"name":"wp","href":"https:\/\/api.w.org\/{rel}","templated":true}]}}