{"id":4394,"date":"2014-07-09T20:45:19","date_gmt":"2014-07-09T17:45:19","guid":{"rendered":"http:\/\/www.sana.sy\/es\/?p=4394"},"modified":"2014-07-09T22:12:55","modified_gmt":"2014-07-09T19:12:55","slug":"lavrov-la-acusacion-de-que-el-gobierno-sirio-que-ha-usado-gas-sarin-es-para-justificar-la-intervencion-militar-en-siria","status":"publish","type":"post","link":"https:\/\/archive.sana.sy\/es\/?p=4394","title":{"rendered":"Lavrov: La acusaci\u00f3n de que el gobierno usara \u00a0gas sar\u00edn es para justificar la intervenci\u00f3n militar en Siria"},"content":{"rendered":"<p style=\"text-align: justify\"><span style=\"color: #800000\">Mosc\u00fa, SANA<\/span><\/p>\n<p style=\"text-align: justify\"><strong>El ministro de Exteriores ruso, Sergei Lavrov, reiter\u00f3 hoy la cr\u00edtica a las acusaciones contra el gobierno sirio sobre el uso de gas sar\u00edn, haciendo hincapi\u00e9 en que estas acusaciones est\u00e1n destinadas a justificar la soluci\u00f3n militar a la crisis en Siria.<\/strong><\/p>\n<p style=\"text-align: justify\"><strong>En una conferencia de prensa, Lavrov dijo que el uso de este gas en agosto fue una provocaci\u00f3n, haciendo recordar que los expertos de la Organizaci\u00f3n para la Prohibici\u00f3n de las Armas Qu\u00edmicas tras el an\u00e1lisis llegaron a descubrir que la \u201cOposici\u00f3n Armada\u201d fue quien cometi\u00f3 este acto. <\/strong><\/p>\n<p style=\"text-align: justify\"><strong>Lavrov dijo: &#8220;No hay que culpar \u00fanicamente al gobierno sirio por todo lo que sucede ni por el uso de armas qu\u00edmicas.&#8221;<\/strong><\/p>\n<p style=\"text-align: justify\"><span style=\"color: #0000ff\">Ghifar Al., Riyad Sh.<\/span><\/p>\n","protected":false},"excerpt":{"rendered":"<p>Mosc\u00fa, SANA El ministro de Exteriores ruso, Sergei Lavrov, reiter\u00f3 hoy la cr\u00edtica a las acusaciones contra el gobierno sirio sobre el uso de gas sar\u00edn, haciendo hincapi\u00e9 en que estas acusaciones est\u00e1n destinadas a justificar la soluci\u00f3n militar a la crisis en Siria. En una conferencia de prensa, Lavrov dijo que el uso de &hellip;<\/p>\n","protected":false},"author":1,"featured_media":4395,"comment_status":"closed","ping_status":"closed","sticky":false,"template":"","format":"standard","meta":{"footnotes":""},"categories":[597,456,457,576,467],"tags":[1019],"class_list":["post-4394","post","type-post","status-publish","format-standard","has-post-thumbnail","","category-cinta-de-noticias","category-arabe-internacional-politica","category-noticias-arabe-internacional-politica","category-noticias-politicas","category-siria-y-el-mundo","tag-lavrov-la-acusacion-de-que-el-gobierno-usara-gas-sarin-es-para-justificar-la-intervencion-militar-en-siria"],"_links":{"self":[{"href":"https:\/\/archive.sana.sy\/es\/index.php?rest_route=\/wp\/v2\/posts\/4394"}],"collection":[{"href":"https:\/\/archive.sana.sy\/es\/index.php?rest_route=\/wp\/v2\/posts"}],"about":[{"href":"https:\/\/archive.sana.sy\/es\/index.php?rest_route=\/wp\/v2\/types\/post"}],"author":[{"embeddable":true,"href":"https:\/\/archive.sana.sy\/es\/index.php?rest_route=\/wp\/v2\/users\/1"}],"replies":[{"embeddable":true,"href":"https:\/\/archive.sana.sy\/es\/index.php?rest_route=%2Fwp%2Fv2%2Fcomments&post=4394"}],"version-history":[{"count":0,"href":"https:\/\/archive.sana.sy\/es\/index.php?rest_route=\/wp\/v2\/posts\/4394\/revisions"}],"wp:featuredmedia":[{"embeddable":true,"href":"https:\/\/archive.sana.sy\/es\/index.php?rest_route=\/wp\/v2\/media\/4395"}],"wp:attachment":[{"href":"https:\/\/archive.sana.sy\/es\/index.php?rest_route=%2Fwp%2Fv2%2Fmedia&parent=4394"}],"wp:term":[{"taxonomy":"category","embeddable":true,"href":"https:\/\/archive.sana.sy\/es\/index.php?rest_route=%2Fwp%2Fv2%2Fcategories&post=4394"},{"taxonomy":"post_tag","embeddable":true,"href":"https:\/\/archive.sana.sy\/es\/index.php?rest_route=%2Fwp%2Fv2%2Ftags&post=4394"}],"curies":[{"name":"wp","href":"https:\/\/api.w.org\/{rel}","templated":true}]}}