{"id":44025,"date":"2016-05-24T18:40:43","date_gmt":"2016-05-24T15:40:43","guid":{"rendered":"http:\/\/www.sana.sy\/es\/?p=44025"},"modified":"2016-05-24T20:30:00","modified_gmt":"2016-05-24T17:30:00","slug":"lavrov-rusia-y-eeuu-acordaron-coordinar-sus-operaciones-antiterroristas-en-siria","status":"publish","type":"post","link":"https:\/\/archive.sana.sy\/es\/?p=44025","title":{"rendered":"Lavrov: Rusia y EEUU acordaron coordinar sus operaciones antiterroristas en Siria"},"content":{"rendered":"<p><span style=\"color: #800000\">Mosc\u00fa, SANA<\/span><\/p>\n<p style=\"text-align: justify\">El canciller ruso, Serguei Lavrov, se\u00f1al\u00f3 que la aviaci\u00f3n militar rusa debe trabajar en coordinaci\u00f3n con las fuerzas a\u00e9reas de la \u201cCoalici\u00f3n\u201d liderada por Washington para ayudar a los que combaten a los terroristas sobre\u00a0el terreno en Siria, el ej\u00e9rcito \u00e1rabe siria en particular.<\/p>\n<p style=\"text-align: justify\">\u201cHemos acordado con EEUU armonizar nuestras operaciones antiterroristas en Siria\u201d, dijo Lavrov en declaraciones concedidas este martes a la prensa, resaltando que \u201chay un chance para realizar tal coordinaci\u00f3n\u201d.<\/p>\n<p style=\"text-align: justify\">Asimismo dijo que \u201cla ciudad de Raqqa es una de las metas de la coalici\u00f3n antiterrorista, tal como es la ciudad iraqu\u00ed de Mosul&#8230;.Estamos convencidos de la posibilidad de librar a estas dos ciudades con m\u00e1s eficiencia y de forma m\u00e1s r\u00e1pida en el caso de que nuestros militares coordinen sus pasos en un periodo temprano\u201d.<\/p>\n<p>Lynn A.<\/p>\n","protected":false},"excerpt":{"rendered":"<p>Mosc\u00fa, SANA El canciller ruso, Serguei Lavrov, se\u00f1al\u00f3 que la aviaci\u00f3n militar rusa debe trabajar en coordinaci\u00f3n con las fuerzas a\u00e9reas de la \u201cCoalici\u00f3n\u201d liderada por Washington para ayudar a los que combaten a los terroristas sobre\u00a0el terreno en Siria, el ej\u00e9rcito \u00e1rabe siria en particular. \u201cHemos acordado con EEUU armonizar nuestras operaciones antiterroristas en &hellip;<\/p>\n","protected":false},"author":24,"featured_media":42216,"comment_status":"closed","ping_status":"closed","sticky":false,"template":"","format":"standard","meta":{"footnotes":""},"categories":[597,467,7541],"tags":[],"class_list":["post-44025","post","type-post","status-publish","format-standard","has-post-thumbnail","","category-cinta-de-noticias","category-siria-y-el-mundo","category-ultimas-noticias"],"_links":{"self":[{"href":"https:\/\/archive.sana.sy\/es\/index.php?rest_route=\/wp\/v2\/posts\/44025"}],"collection":[{"href":"https:\/\/archive.sana.sy\/es\/index.php?rest_route=\/wp\/v2\/posts"}],"about":[{"href":"https:\/\/archive.sana.sy\/es\/index.php?rest_route=\/wp\/v2\/types\/post"}],"author":[{"embeddable":true,"href":"https:\/\/archive.sana.sy\/es\/index.php?rest_route=\/wp\/v2\/users\/24"}],"replies":[{"embeddable":true,"href":"https:\/\/archive.sana.sy\/es\/index.php?rest_route=%2Fwp%2Fv2%2Fcomments&post=44025"}],"version-history":[{"count":0,"href":"https:\/\/archive.sana.sy\/es\/index.php?rest_route=\/wp\/v2\/posts\/44025\/revisions"}],"wp:featuredmedia":[{"embeddable":true,"href":"https:\/\/archive.sana.sy\/es\/index.php?rest_route=\/wp\/v2\/media\/42216"}],"wp:attachment":[{"href":"https:\/\/archive.sana.sy\/es\/index.php?rest_route=%2Fwp%2Fv2%2Fmedia&parent=44025"}],"wp:term":[{"taxonomy":"category","embeddable":true,"href":"https:\/\/archive.sana.sy\/es\/index.php?rest_route=%2Fwp%2Fv2%2Fcategories&post=44025"},{"taxonomy":"post_tag","embeddable":true,"href":"https:\/\/archive.sana.sy\/es\/index.php?rest_route=%2Fwp%2Fv2%2Ftags&post=44025"}],"curies":[{"name":"wp","href":"https:\/\/api.w.org\/{rel}","templated":true}]}}