{"id":44031,"date":"2016-05-24T19:20:59","date_gmt":"2016-05-24T16:20:59","guid":{"rendered":"http:\/\/www.sana.sy\/es\/?p=44031"},"modified":"2016-05-24T20:21:07","modified_gmt":"2016-05-24T17:21:07","slug":"distribuidas-ayudas-humanitarias-ofrecidas-por-rusia-a-los-habitantes-de-dos-zonas-en-damasco-campo","status":"publish","type":"post","link":"https:\/\/archive.sana.sy\/es\/?p=44031","title":{"rendered":"Distribuidas ayudas humanitarias ofrecidas por Rusia a los habitantes de dos zonas en Damasco-campo"},"content":{"rendered":"<p><span style=\"color: #800000\">Damasco-campo, SANA<\/span><\/p>\n<p style=\"text-align: justify\">En cooperaci\u00f3n con el Ministerio del Estado para Asuntos de Reconciliaci\u00f3n Nacional, se repartieron este martes ayudas humanitarias ofrecidas por el Gobierno ruso, a los vecinos de la ciudad de Yerud y el pueblo de al-Atnah en el campo este de Damasco.<\/p>\n<p style=\"text-align: justify\">El director del Centro ruso para la Coordinaci\u00f3n de Reconciliaci\u00f3n en Damasco, Yuri Zrayev inform\u00f3 que se distribuyeron tres toneladas de ayuda humanitaria que consiste en\u00a0800 canastas alimentarias y de socorro a los habitantes de la ciudad de Yerud y el pueblo de al-Atnah.<\/p>\n<p style=\"text-align: justify\">A\u00f1adi\u00f3 que el di\u00e1logo intersirio y las reconciliaciones locales constituyen la \u00fanica soluci\u00f3n de la crisis en Siria.<\/p>\n<p style=\"text-align: justify\">Es de se\u00f1alar que un avi\u00f3n ruso cargado de asistencia humanitaria ha llegado esta ma\u00f1ana al aeropuerto internacional de Damasco para reforzar la resistencia de los sirios frente a la guerra econ\u00f3mica y terrorista librada en su contra.<\/p>\n<p>&nbsp;<\/p>\n<p>Lynn A.<\/p>\n","protected":false},"excerpt":{"rendered":"<p>Damasco-campo, SANA En cooperaci\u00f3n con el Ministerio del Estado para Asuntos de Reconciliaci\u00f3n Nacional, se repartieron este martes ayudas humanitarias ofrecidas por el Gobierno ruso, a los vecinos de la ciudad de Yerud y el pueblo de al-Atnah en el campo este de Damasco. El director del Centro ruso para la Coordinaci\u00f3n de Reconciliaci\u00f3n en &hellip;<\/p>\n","protected":false},"author":24,"featured_media":44032,"comment_status":"closed","ping_status":"closed","sticky":false,"template":"","format":"standard","meta":{"footnotes":""},"categories":[477,476,7541],"tags":[],"class_list":["post-44031","post","type-post","status-publish","format-standard","has-post-thumbnail","","category-noticias-edulcorantes","category-locales","category-ultimas-noticias"],"_links":{"self":[{"href":"https:\/\/archive.sana.sy\/es\/index.php?rest_route=\/wp\/v2\/posts\/44031"}],"collection":[{"href":"https:\/\/archive.sana.sy\/es\/index.php?rest_route=\/wp\/v2\/posts"}],"about":[{"href":"https:\/\/archive.sana.sy\/es\/index.php?rest_route=\/wp\/v2\/types\/post"}],"author":[{"embeddable":true,"href":"https:\/\/archive.sana.sy\/es\/index.php?rest_route=\/wp\/v2\/users\/24"}],"replies":[{"embeddable":true,"href":"https:\/\/archive.sana.sy\/es\/index.php?rest_route=%2Fwp%2Fv2%2Fcomments&post=44031"}],"version-history":[{"count":0,"href":"https:\/\/archive.sana.sy\/es\/index.php?rest_route=\/wp\/v2\/posts\/44031\/revisions"}],"wp:featuredmedia":[{"embeddable":true,"href":"https:\/\/archive.sana.sy\/es\/index.php?rest_route=\/wp\/v2\/media\/44032"}],"wp:attachment":[{"href":"https:\/\/archive.sana.sy\/es\/index.php?rest_route=%2Fwp%2Fv2%2Fmedia&parent=44031"}],"wp:term":[{"taxonomy":"category","embeddable":true,"href":"https:\/\/archive.sana.sy\/es\/index.php?rest_route=%2Fwp%2Fv2%2Fcategories&post=44031"},{"taxonomy":"post_tag","embeddable":true,"href":"https:\/\/archive.sana.sy\/es\/index.php?rest_route=%2Fwp%2Fv2%2Ftags&post=44031"}],"curies":[{"name":"wp","href":"https:\/\/api.w.org\/{rel}","templated":true}]}}