{"id":44051,"date":"2016-05-24T21:26:15","date_gmt":"2016-05-24T18:26:15","guid":{"rendered":"http:\/\/www.sana.sy\/es\/?p=44051"},"modified":"2016-05-24T21:26:15","modified_gmt":"2016-05-24T18:26:15","slug":"washington-reconoce-su-incapacidad-para-distinguir-entre-los-terroristas-y-la-oposicion-moderada-en-siria","status":"publish","type":"post","link":"https:\/\/archive.sana.sy\/es\/?p=44051","title":{"rendered":"Washington reconoce su incapacidad para distinguir entre los terroristas y la &#8220;oposici\u00f3n moderada&#8221; en Siria"},"content":{"rendered":"<p style=\"text-align: justify\"><span style=\"color: #800000\">Washington, SANA<\/span>&#8211; El portavoz del Departamento de Estado, Mark Toner, reconoci\u00f3 el d\u00e9ficit de los Estados Unidos para distinguir entre los terroristas y los que Washington llama &#8220;oposici\u00f3n moderada&#8221; en Siria.<\/p>\n<p style=\"text-align: justify\">Toner indic\u00f3 en un comunicado citado por la agencia Sputnik, a la existencia de una confusi\u00f3n de los Estados Unidos en la identificaci\u00f3n de los terroristas y de los llamados &#8220;opositores moderados&#8221; en Siria y la incapacidad norteamericana de distinguir entre ellos, diciendo que &#8220;Rusia y Siria deben detener los ataques dirigidos contra el grupo del Frente al-Nusra hasta que identifiquemos estos grupos.&#8221;<\/p>\n<p style=\"text-align: justify\">Toner reconoci\u00f3 que la separaci\u00f3n entre los terroristas y aquellos llamados &#8220;opositores moderados&#8221; en Siria representa un gran desaf\u00edo para los Estados Unidos, que todav\u00eda est\u00e1 buscando una respuesta a esta pregunta.<\/p>\n<p style=\"text-align: justify\">Cabe se\u00f1alar que Los Estados Unidos sigue apoyando y financiando la llmada llama &#8220;oposici\u00f3n moderada&#8221; que en realidad son agrupaciones terroristas que trabajan como mercenarios al servicio de Washington, Arabia Saudita y Turqu\u00eda y no existe la menor diferencia entre los delitos de estos grupos y los cr\u00edmenes de otras organizaciones terroristas, incluyendo el &#8220;Daesh.&#8221;<\/p>\n<p style=\"text-align: justify\">M.Miri<\/p>\n","protected":false},"excerpt":{"rendered":"<p>Washington, SANA&#8211; El portavoz del Departamento de Estado, Mark Toner, reconoci\u00f3 el d\u00e9ficit de los Estados Unidos para distinguir entre los terroristas y los que Washington llama &#8220;oposici\u00f3n moderada&#8221; en Siria. Toner indic\u00f3 en un comunicado citado por la agencia Sputnik, a la existencia de una confusi\u00f3n de los Estados Unidos en la identificaci\u00f3n de &hellip;<\/p>\n","protected":false},"author":1,"featured_media":44052,"comment_status":"closed","ping_status":"closed","sticky":false,"template":"","format":"standard","meta":{"footnotes":""},"categories":[467,7541],"tags":[],"class_list":["post-44051","post","type-post","status-publish","format-standard","has-post-thumbnail","","category-siria-y-el-mundo","category-ultimas-noticias"],"_links":{"self":[{"href":"https:\/\/archive.sana.sy\/es\/index.php?rest_route=\/wp\/v2\/posts\/44051"}],"collection":[{"href":"https:\/\/archive.sana.sy\/es\/index.php?rest_route=\/wp\/v2\/posts"}],"about":[{"href":"https:\/\/archive.sana.sy\/es\/index.php?rest_route=\/wp\/v2\/types\/post"}],"author":[{"embeddable":true,"href":"https:\/\/archive.sana.sy\/es\/index.php?rest_route=\/wp\/v2\/users\/1"}],"replies":[{"embeddable":true,"href":"https:\/\/archive.sana.sy\/es\/index.php?rest_route=%2Fwp%2Fv2%2Fcomments&post=44051"}],"version-history":[{"count":0,"href":"https:\/\/archive.sana.sy\/es\/index.php?rest_route=\/wp\/v2\/posts\/44051\/revisions"}],"wp:featuredmedia":[{"embeddable":true,"href":"https:\/\/archive.sana.sy\/es\/index.php?rest_route=\/wp\/v2\/media\/44052"}],"wp:attachment":[{"href":"https:\/\/archive.sana.sy\/es\/index.php?rest_route=%2Fwp%2Fv2%2Fmedia&parent=44051"}],"wp:term":[{"taxonomy":"category","embeddable":true,"href":"https:\/\/archive.sana.sy\/es\/index.php?rest_route=%2Fwp%2Fv2%2Fcategories&post=44051"},{"taxonomy":"post_tag","embeddable":true,"href":"https:\/\/archive.sana.sy\/es\/index.php?rest_route=%2Fwp%2Fv2%2Ftags&post=44051"}],"curies":[{"name":"wp","href":"https:\/\/api.w.org\/{rel}","templated":true}]}}