{"id":44151,"date":"2016-05-25T20:18:03","date_gmt":"2016-05-25T17:18:03","guid":{"rendered":"http:\/\/www.sana.sy\/es\/?p=44151"},"modified":"2016-05-25T23:10:33","modified_gmt":"2016-05-25T20:10:33","slug":"el-papa-ora-por-victimas-de-atentados-terroristas-en-tartous-y-jablah","status":"publish","type":"post","link":"https:\/\/archive.sana.sy\/es\/?p=44151","title":{"rendered":"El Papa ora por las v\u00edctimas de los  atentados terroristas en tartous y Jablah"},"content":{"rendered":"<p style=\"text-align: justify\"><span style=\"color: #800000\">El Vaticano, SANA<\/span>&#8211; El Papa Francisco elev\u00f3 una oraci\u00f3n, junto con miles de peregrinos, para consolar a las almas de las v\u00edctimas de los atentados terroristas dirigidos contra las ciudades de Tartous y Jableh.<\/p>\n<p style=\"text-align: justify\">&#8220;Con dolor en el coraz\u00f3n he seguido las tristes noticias de los atentados terroristas, que han causado numerosas v\u00edctimas mortales y heridos.&#8221;<\/p>\n<p style=\"text-align: justify\">Asimismo, el Papa dirigi\u00f3 un llamamiento a todas las personas de buena voluntad para que se unan en la un\u00e1nime condena de estos crueles actos abominables realizados contra la gente civil, y que est\u00e1n causando s\u00f3lo muerte terror y horror, seg\u00fan inform\u00f3 AFP.<\/p>\n<p style=\"text-align: justify\">Cabe se\u00f1alar que el lunes varios atentados terroristas simult\u00e1neos tuvieron en las dos ciudades costeras de Tartous y Jablah.<\/p>\n<p>M.Miri<\/p>\n","protected":false},"excerpt":{"rendered":"<p>El Vaticano, SANA&#8211; El Papa Francisco elev\u00f3 una oraci\u00f3n, junto con miles de peregrinos, para consolar a las almas de las v\u00edctimas de los atentados terroristas dirigidos contra las ciudades de Tartous y Jableh. &#8220;Con dolor en el coraz\u00f3n he seguido las tristes noticias de los atentados terroristas, que han causado numerosas v\u00edctimas mortales y &hellip;<\/p>\n","protected":false},"author":1,"featured_media":44152,"comment_status":"closed","ping_status":"closed","sticky":false,"template":"","format":"standard","meta":{"footnotes":""},"categories":[467,7541],"tags":[8674],"class_list":["post-44151","post","type-post","status-publish","format-standard","has-post-thumbnail","","category-siria-y-el-mundo","category-ultimas-noticias","tag-el-papa"],"_links":{"self":[{"href":"https:\/\/archive.sana.sy\/es\/index.php?rest_route=\/wp\/v2\/posts\/44151"}],"collection":[{"href":"https:\/\/archive.sana.sy\/es\/index.php?rest_route=\/wp\/v2\/posts"}],"about":[{"href":"https:\/\/archive.sana.sy\/es\/index.php?rest_route=\/wp\/v2\/types\/post"}],"author":[{"embeddable":true,"href":"https:\/\/archive.sana.sy\/es\/index.php?rest_route=\/wp\/v2\/users\/1"}],"replies":[{"embeddable":true,"href":"https:\/\/archive.sana.sy\/es\/index.php?rest_route=%2Fwp%2Fv2%2Fcomments&post=44151"}],"version-history":[{"count":0,"href":"https:\/\/archive.sana.sy\/es\/index.php?rest_route=\/wp\/v2\/posts\/44151\/revisions"}],"wp:featuredmedia":[{"embeddable":true,"href":"https:\/\/archive.sana.sy\/es\/index.php?rest_route=\/wp\/v2\/media\/44152"}],"wp:attachment":[{"href":"https:\/\/archive.sana.sy\/es\/index.php?rest_route=%2Fwp%2Fv2%2Fmedia&parent=44151"}],"wp:term":[{"taxonomy":"category","embeddable":true,"href":"https:\/\/archive.sana.sy\/es\/index.php?rest_route=%2Fwp%2Fv2%2Fcategories&post=44151"},{"taxonomy":"post_tag","embeddable":true,"href":"https:\/\/archive.sana.sy\/es\/index.php?rest_route=%2Fwp%2Fv2%2Ftags&post=44151"}],"curies":[{"name":"wp","href":"https:\/\/api.w.org\/{rel}","templated":true}]}}