{"id":44166,"date":"2016-05-25T22:24:52","date_gmt":"2016-05-25T19:24:52","guid":{"rendered":"http:\/\/www.sana.sy\/es\/?p=44166"},"modified":"2016-05-25T22:53:54","modified_gmt":"2016-05-25T19:53:54","slug":"abdollahian-examina-con-ramzy-la-crisis-siria","status":"publish","type":"post","link":"https:\/\/archive.sana.sy\/es\/?p=44166","title":{"rendered":"Abdollahian examina con Ramzy la crisis siria"},"content":{"rendered":"<p style=\"text-align: justify\"><span style=\"color: #800000\">Teher\u00e1n, SANA<\/span>&#8211; El Viceministro de Exteriores iran\u00ed para Asuntos \u00c1rabes y Africanos, Hossein Amir Abdollahian, llam\u00f3 a participar de los representantes verdaderos del pueblo sirio en el di\u00e1logo inter-sirio y la necesidad de luchar contra el terrorismo y no utilizarlo como una herramienta para lograr fines unilaterales.<\/p>\n<p style=\"text-align: justify\">El Ministerio de Asuntos Exteriores Iran\u00ed, inform\u00f3 en un comunicado que Abdollahian confirm\u00f3 durante su encuentro con el enviado especial alterno de la (ONU) para Siria, Ramzy Ezzeldin Ramzy, la posibilidad de encontrar una soluci\u00f3n pol\u00edtica de la crisis en Siria, a trav\u00e9s de prestar seria atenci\u00f3n al papel y a la posici\u00f3n de Siria en la regi\u00f3n.<\/p>\n<p style=\"text-align: justify\">El diplom\u00e1tico iran\u00ed reiter\u00f3 la disposici\u00f3n de su pa\u00eds a jugar un papel para encontrar una salida pol\u00edtica y pac\u00edfica a la crisis siria, lamentando lo que sufre el cese de hostilidades en Alepo de violaciones llevadas a cabo por grupos terroristas, sobre todo en Jan Tuman y el ataque contra hospitales en la ciudad.<\/p>\n<p style=\"text-align: justify\">Por su parte, Ramzy consider\u00f3 que la crisis en Siria ha llegado a una etapa delicada, llamando a la necesidad de encontrar r\u00e1pidamente una soluci\u00f3n pol\u00edtica, describiendo de impugnante el papel iran\u00ed en este sentido.<\/p>\n<p>M.Miri<\/p>\n","protected":false},"excerpt":{"rendered":"<p>Teher\u00e1n, SANA&#8211; El Viceministro de Exteriores iran\u00ed para Asuntos \u00c1rabes y Africanos, Hossein Amir Abdollahian, llam\u00f3 a participar de los representantes verdaderos del pueblo sirio en el di\u00e1logo inter-sirio y la necesidad de luchar contra el terrorismo y no utilizarlo como una herramienta para lograr fines unilaterales. El Ministerio de Asuntos Exteriores Iran\u00ed, inform\u00f3 en &hellip;<\/p>\n","protected":false},"author":1,"featured_media":43677,"comment_status":"closed","ping_status":"closed","sticky":false,"template":"","format":"standard","meta":{"footnotes":""},"categories":[467],"tags":[2866],"class_list":["post-44166","post","type-post","status-publish","format-standard","has-post-thumbnail","","category-siria-y-el-mundo","tag-iran"],"_links":{"self":[{"href":"https:\/\/archive.sana.sy\/es\/index.php?rest_route=\/wp\/v2\/posts\/44166"}],"collection":[{"href":"https:\/\/archive.sana.sy\/es\/index.php?rest_route=\/wp\/v2\/posts"}],"about":[{"href":"https:\/\/archive.sana.sy\/es\/index.php?rest_route=\/wp\/v2\/types\/post"}],"author":[{"embeddable":true,"href":"https:\/\/archive.sana.sy\/es\/index.php?rest_route=\/wp\/v2\/users\/1"}],"replies":[{"embeddable":true,"href":"https:\/\/archive.sana.sy\/es\/index.php?rest_route=%2Fwp%2Fv2%2Fcomments&post=44166"}],"version-history":[{"count":0,"href":"https:\/\/archive.sana.sy\/es\/index.php?rest_route=\/wp\/v2\/posts\/44166\/revisions"}],"wp:featuredmedia":[{"embeddable":true,"href":"https:\/\/archive.sana.sy\/es\/index.php?rest_route=\/wp\/v2\/media\/43677"}],"wp:attachment":[{"href":"https:\/\/archive.sana.sy\/es\/index.php?rest_route=%2Fwp%2Fv2%2Fmedia&parent=44166"}],"wp:term":[{"taxonomy":"category","embeddable":true,"href":"https:\/\/archive.sana.sy\/es\/index.php?rest_route=%2Fwp%2Fv2%2Fcategories&post=44166"},{"taxonomy":"post_tag","embeddable":true,"href":"https:\/\/archive.sana.sy\/es\/index.php?rest_route=%2Fwp%2Fv2%2Ftags&post=44166"}],"curies":[{"name":"wp","href":"https:\/\/api.w.org\/{rel}","templated":true}]}}