{"id":44216,"date":"2016-05-26T18:53:30","date_gmt":"2016-05-26T15:53:30","guid":{"rendered":"http:\/\/www.sana.sy\/es\/?p=44216"},"modified":"2016-05-26T18:53:30","modified_gmt":"2016-05-26T15:53:30","slug":"de-mistura-sera-capaz-de-fijar-la-nueva-fecha-de-las-conversaciones-intersirias-luego-de-debatir-con-el-csi","status":"publish","type":"post","link":"https:\/\/archive.sana.sy\/es\/?p=44216","title":{"rendered":"De Mistura ser\u00e1 capaz de fijar la nueva fecha de las conversaciones intersirias luego de debatir con el CSI"},"content":{"rendered":"<p><span style=\"color: #800000\">Ginebra, SANA<\/span><\/p>\n<p>El enviado especial de la ONU, Staffan de Mistura, anunci\u00f3 que debatir\u00e1 esta tarde en\u00a0el Consejo de Seguridad de la ONU, la situaci\u00f3n de las conversaciones intersirias, y plantear\u00e1 las mejores opciones para la reanudaci\u00f3n de las mismas.<\/p>\n<p>En declaraciones concedidas\u00a0a la prensa este jueves, De Mistura aclar\u00f3 que \u00e9l ser\u00e1 capaz de fijar la nueva fecha de la pr\u00f3xima ronda despu\u00e9s de consultar con el Consejo de Seguridad.<\/p>\n<p>Resalt\u00f3 la necesidad de la reanudaci\u00f3n de las conversaciones para mantener la estabilidad y el cese de las hostilidades y garantizar el acceso de las ayudas humanitarias, previendo &#8220;la no reanudaci\u00f3n del di\u00e1logo durante el mes de Ramadan en el caso de la continuaci\u00f3n de los combates&#8221;.<\/p>\n<p>Subray\u00f3 que el asunto de la federalizaci\u00f3n de Siria no est\u00e1 en la agenda de las conversaciones, agregando que este tema\u00a0le corresponde solo al pueblo sirio y hay que\u00a0debatirlo en el marco de la Constituci\u00f3n y dentro de Siria.<\/p>\n<p>Respecto a los atentados terroristas que sacudieron recientemente a las ciudades de Tartus y Jableh, el enviado especial de la ONU enfatiz\u00f3 que hoy en d\u00eda hay m\u00e1s necesidad para retomar las conversaciones conforme a la declaraci\u00f3n de Ginebra, \u201cpara que todos sepan que el enfrentamiento al Estado Isl\u00e1mico es el tema principal\u201d.<\/p>\n<p>En cuanto a la situaci\u00f3n humanitaria, De Mistura aludi\u00f3 a la cooperaci\u00f3n del Gobierno sirio en el lanzamiento de ayuda humanitaria mediante paraca\u00eddas sobre Deir Ezzor, y su papel en garantizar el acceso de la asistencia humanitaria a miles de civiles.<\/p>\n<p>&nbsp;<br \/>\nLynn A.<\/p>\n","protected":false},"excerpt":{"rendered":"<p>Ginebra, SANA El enviado especial de la ONU, Staffan de Mistura, anunci\u00f3 que debatir\u00e1 esta tarde en\u00a0el Consejo de Seguridad de la ONU, la situaci\u00f3n de las conversaciones intersirias, y plantear\u00e1 las mejores opciones para la reanudaci\u00f3n de las mismas. En declaraciones concedidas\u00a0a la prensa este jueves, De Mistura aclar\u00f3 que \u00e9l ser\u00e1 capaz de &hellip;<\/p>\n","protected":false},"author":24,"featured_media":40267,"comment_status":"closed","ping_status":"closed","sticky":false,"template":"","format":"standard","meta":{"footnotes":""},"categories":[467,7541],"tags":[],"class_list":["post-44216","post","type-post","status-publish","format-standard","has-post-thumbnail","","category-siria-y-el-mundo","category-ultimas-noticias"],"_links":{"self":[{"href":"https:\/\/archive.sana.sy\/es\/index.php?rest_route=\/wp\/v2\/posts\/44216"}],"collection":[{"href":"https:\/\/archive.sana.sy\/es\/index.php?rest_route=\/wp\/v2\/posts"}],"about":[{"href":"https:\/\/archive.sana.sy\/es\/index.php?rest_route=\/wp\/v2\/types\/post"}],"author":[{"embeddable":true,"href":"https:\/\/archive.sana.sy\/es\/index.php?rest_route=\/wp\/v2\/users\/24"}],"replies":[{"embeddable":true,"href":"https:\/\/archive.sana.sy\/es\/index.php?rest_route=%2Fwp%2Fv2%2Fcomments&post=44216"}],"version-history":[{"count":0,"href":"https:\/\/archive.sana.sy\/es\/index.php?rest_route=\/wp\/v2\/posts\/44216\/revisions"}],"wp:featuredmedia":[{"embeddable":true,"href":"https:\/\/archive.sana.sy\/es\/index.php?rest_route=\/wp\/v2\/media\/40267"}],"wp:attachment":[{"href":"https:\/\/archive.sana.sy\/es\/index.php?rest_route=%2Fwp%2Fv2%2Fmedia&parent=44216"}],"wp:term":[{"taxonomy":"category","embeddable":true,"href":"https:\/\/archive.sana.sy\/es\/index.php?rest_route=%2Fwp%2Fv2%2Fcategories&post=44216"},{"taxonomy":"post_tag","embeddable":true,"href":"https:\/\/archive.sana.sy\/es\/index.php?rest_route=%2Fwp%2Fv2%2Ftags&post=44216"}],"curies":[{"name":"wp","href":"https:\/\/api.w.org\/{rel}","templated":true}]}}