{"id":44218,"date":"2016-05-26T19:01:43","date_gmt":"2016-05-26T16:01:43","guid":{"rendered":"http:\/\/www.sana.sy\/es\/?p=44218"},"modified":"2016-05-26T20:27:08","modified_gmt":"2016-05-26T17:27:08","slug":"cinco-heridos-tras-nuevos-ataques-terroristas-con-misiles-contra-alepo","status":"publish","type":"post","link":"https:\/\/archive.sana.sy\/es\/?p=44218","title":{"rendered":"Cinco heridos tras nuevos ataques terroristas con misiles contra Alepo"},"content":{"rendered":"<p><span style=\"color: #800000\">Alepo, SANA<\/span><\/p>\n<p>Terroristas atacaron este jueves con misiles la ciudad septentrional de Alepo, dejando cinco heridos, seg\u00fan inform\u00f3 el reportero de SANA.<\/p>\n<p>A\u00f1adi\u00f3 que los misiles impactaron en el barrio de al-Sheikh Maksud, agregando que entre los cinco heridos, hay dos ni\u00f1os, adem\u00e1s de provocar da\u00f1os materiales.<\/p>\n<p>El corresponsal dijo que terroristas abrieron fuego contra los ciudadanos del barrio de Sahidino lo que caus\u00f3 la muerte de una persona.<\/p>\n<p>Asimismo inform\u00f3 que terroristas desplegados en el barrio de Bani Zied lanzaron en la medianoche del mi\u00e9rcoles 5 cohetes contra el barrio residencial de Midan.<\/p>\n<p>La fuente agreg\u00f3 que los proyectiles causaron un incendio en uno de los edificios y destruyeron una casa.<\/p>\n<p>Lynn A.-Y.K.<\/p>\n","protected":false},"excerpt":{"rendered":"<p>Alepo, SANA Terroristas atacaron este jueves con misiles la ciudad septentrional de Alepo, dejando cinco heridos, seg\u00fan inform\u00f3 el reportero de SANA. A\u00f1adi\u00f3 que los misiles impactaron en el barrio de al-Sheikh Maksud, agregando que entre los cinco heridos, hay dos ni\u00f1os, adem\u00e1s de provocar da\u00f1os materiales. El corresponsal dijo que terroristas abrieron fuego contra &hellip;<\/p>\n","protected":false},"author":24,"featured_media":36043,"comment_status":"closed","ping_status":"closed","sticky":false,"template":"","format":"standard","meta":{"footnotes":""},"categories":[597,573,7541],"tags":[],"class_list":["post-44218","post","type-post","status-publish","format-standard","has-post-thumbnail","","category-cinta-de-noticias","category-la-realidad-de-los-acontecimientos-en-siria","category-ultimas-noticias"],"_links":{"self":[{"href":"https:\/\/archive.sana.sy\/es\/index.php?rest_route=\/wp\/v2\/posts\/44218"}],"collection":[{"href":"https:\/\/archive.sana.sy\/es\/index.php?rest_route=\/wp\/v2\/posts"}],"about":[{"href":"https:\/\/archive.sana.sy\/es\/index.php?rest_route=\/wp\/v2\/types\/post"}],"author":[{"embeddable":true,"href":"https:\/\/archive.sana.sy\/es\/index.php?rest_route=\/wp\/v2\/users\/24"}],"replies":[{"embeddable":true,"href":"https:\/\/archive.sana.sy\/es\/index.php?rest_route=%2Fwp%2Fv2%2Fcomments&post=44218"}],"version-history":[{"count":0,"href":"https:\/\/archive.sana.sy\/es\/index.php?rest_route=\/wp\/v2\/posts\/44218\/revisions"}],"wp:featuredmedia":[{"embeddable":true,"href":"https:\/\/archive.sana.sy\/es\/index.php?rest_route=\/wp\/v2\/media\/36043"}],"wp:attachment":[{"href":"https:\/\/archive.sana.sy\/es\/index.php?rest_route=%2Fwp%2Fv2%2Fmedia&parent=44218"}],"wp:term":[{"taxonomy":"category","embeddable":true,"href":"https:\/\/archive.sana.sy\/es\/index.php?rest_route=%2Fwp%2Fv2%2Fcategories&post=44218"},{"taxonomy":"post_tag","embeddable":true,"href":"https:\/\/archive.sana.sy\/es\/index.php?rest_route=%2Fwp%2Fv2%2Ftags&post=44218"}],"curies":[{"name":"wp","href":"https:\/\/api.w.org\/{rel}","templated":true}]}}