{"id":44220,"date":"2016-05-26T19:27:12","date_gmt":"2016-05-26T16:27:12","guid":{"rendered":"http:\/\/www.sana.sy\/es\/?p=44220"},"modified":"2016-05-26T19:27:12","modified_gmt":"2016-05-26T16:27:12","slug":"consejo-de-duma-ruso-expresa-su-energica-condena-a-los-recientes-atentados-terroristas-en-jableh-y-tartus","status":"publish","type":"post","link":"https:\/\/archive.sana.sy\/es\/?p=44220","title":{"rendered":"Consejo de Duma ruso expresa su en\u00e9rgica condena a los recientes atentados terroristas en Jableh y Tartus"},"content":{"rendered":"<p><span style=\"color: #800000\">Mosc\u00fa, SANA<\/span><\/p>\n<p>El Consejo de Duma ruso denunci\u00f3 este jueves las exposiciones terroristas que azotaron\u00a0las ciudades sirias de Jableh y Tartus, afirmando que sus autores se llevar\u00e1n al juicio lo antes posible.<\/p>\n<p>En una carta dirigida a la Asamblea del Pueblo sirio, el presidente del Duma, Serguei Narshkin expres\u00f3 en su propio nombre y los de los diputados rusos, las\u00a0sinceras condolencias y \u00a0concentraci\u00f3n a las familias de las v\u00edctimas, deseando una r\u00e1pida recuperaci\u00f3n a los heridos.<\/p>\n<p>Asimismo conden\u00f3 en\u00e9rgicamente estos \u201ccr\u00edmenes inhumanas sangrantes\u201d, y manifest\u00f3 la solidaridad de su pa\u00eds con el pueblo sirio.<\/p>\n<p>Destac\u00f3 que estas barbaridades cometidas por los terroristas no lograr\u00e1n torpedear el proceso del alcance de un consenso\u00a0nacional sirio-sirio y la restauraci\u00f3n de la paz en el territorio sirio.<\/p>\n<p>Cabe destacar que una serie de atentados terroristas se produjeron el lunes pasado, 23\/05\/2016, en las ciudades costeras de Jableh y Tartus, dejando a decenas de muertos y heridos.<\/p>\n<p>&nbsp;<br \/>\nLynn A.<\/p>\n","protected":false},"excerpt":{"rendered":"<p>Mosc\u00fa, SANA El Consejo de Duma ruso denunci\u00f3 este jueves las exposiciones terroristas que azotaron\u00a0las ciudades sirias de Jableh y Tartus, afirmando que sus autores se llevar\u00e1n al juicio lo antes posible. En una carta dirigida a la Asamblea del Pueblo sirio, el presidente del Duma, Serguei Narshkin expres\u00f3 en su propio nombre y los &hellip;<\/p>\n","protected":false},"author":24,"featured_media":9698,"comment_status":"closed","ping_status":"closed","sticky":false,"template":"","format":"standard","meta":{"footnotes":""},"categories":[597,467,7541],"tags":[],"class_list":["post-44220","post","type-post","status-publish","format-standard","has-post-thumbnail","","category-cinta-de-noticias","category-siria-y-el-mundo","category-ultimas-noticias"],"_links":{"self":[{"href":"https:\/\/archive.sana.sy\/es\/index.php?rest_route=\/wp\/v2\/posts\/44220"}],"collection":[{"href":"https:\/\/archive.sana.sy\/es\/index.php?rest_route=\/wp\/v2\/posts"}],"about":[{"href":"https:\/\/archive.sana.sy\/es\/index.php?rest_route=\/wp\/v2\/types\/post"}],"author":[{"embeddable":true,"href":"https:\/\/archive.sana.sy\/es\/index.php?rest_route=\/wp\/v2\/users\/24"}],"replies":[{"embeddable":true,"href":"https:\/\/archive.sana.sy\/es\/index.php?rest_route=%2Fwp%2Fv2%2Fcomments&post=44220"}],"version-history":[{"count":0,"href":"https:\/\/archive.sana.sy\/es\/index.php?rest_route=\/wp\/v2\/posts\/44220\/revisions"}],"wp:featuredmedia":[{"embeddable":true,"href":"https:\/\/archive.sana.sy\/es\/index.php?rest_route=\/wp\/v2\/media\/9698"}],"wp:attachment":[{"href":"https:\/\/archive.sana.sy\/es\/index.php?rest_route=%2Fwp%2Fv2%2Fmedia&parent=44220"}],"wp:term":[{"taxonomy":"category","embeddable":true,"href":"https:\/\/archive.sana.sy\/es\/index.php?rest_route=%2Fwp%2Fv2%2Fcategories&post=44220"},{"taxonomy":"post_tag","embeddable":true,"href":"https:\/\/archive.sana.sy\/es\/index.php?rest_route=%2Fwp%2Fv2%2Ftags&post=44220"}],"curies":[{"name":"wp","href":"https:\/\/api.w.org\/{rel}","templated":true}]}}