{"id":44233,"date":"2016-05-27T22:42:08","date_gmt":"2016-05-27T19:42:08","guid":{"rendered":"http:\/\/sana.sy\/es\/?p=44233"},"modified":"2016-05-28T14:01:19","modified_gmt":"2016-05-28T11:01:19","slug":"presidencia-de-la-republica-falsas-e-infundadas-las-informaciones-sobre-un-proyecto-de-una-nueva-constitucion-presentado-a-damasco","status":"publish","type":"post","link":"https:\/\/archive.sana.sy\/es\/?p=44233","title":{"rendered":"Presidencia de la Rep\u00fablica: &#8220;falsas e infundadas&#8221; las informaciones sobre un proyecto de una nueva constituci\u00f3n presentado a Damasco"},"content":{"rendered":"<p style=\"text-align: justify\"><span style=\"color: #800000\">Damasco, SANA<\/span>&#8211; La Presidencia de la Rep\u00fablica \u00c1rabe Siria inform\u00f3 a trav\u00e9s de su p\u00e1gina en Facebook que durante los \u00faltimos dos d\u00edas ha recibido muchas preguntas sobre informaciones publicados por algunos de los medios de comunicaci\u00f3n en relaci\u00f3n con un borrador de una nueva constituci\u00f3n siria que se present\u00f3 a Damasco y sobre enmiendas Constitucionales sirias a esta Constituci\u00f3n.<\/p>\n<p style=\"text-align: justify\">En este contexto, y para evitar cualquier confusi\u00f3n&#8230; &#8220;Nos importa afirmar que no se ha presentado ning\u00fan proyecto de constituci\u00f3n para la Rep\u00fablica \u00c1rabe Siria, y calificamos de &#8220;infundadas&#8221; todas las informaciones divulgadas en ese sentido.&#8221;<\/p>\n<p>M.Miri<\/p>\n","protected":false},"excerpt":{"rendered":"<p>Damasco, SANA&#8211; La Presidencia de la Rep\u00fablica \u00c1rabe Siria inform\u00f3 a trav\u00e9s de su p\u00e1gina en Facebook que durante los \u00faltimos dos d\u00edas ha recibido muchas preguntas sobre informaciones publicados por algunos de los medios de comunicaci\u00f3n en relaci\u00f3n con un borrador de una nueva constituci\u00f3n siria que se present\u00f3 a Damasco y sobre enmiendas &hellip;<\/p>\n","protected":false},"author":1,"featured_media":44234,"comment_status":"closed","ping_status":"closed","sticky":false,"template":"","format":"standard","meta":{"footnotes":""},"categories":[477,476,583,7541],"tags":[8687],"class_list":["post-44233","post","type-post","status-publish","format-standard","has-post-thumbnail","","category-noticias-edulcorantes","category-locales","category-slide","category-ultimas-noticias","tag-constitucion"],"_links":{"self":[{"href":"https:\/\/archive.sana.sy\/es\/index.php?rest_route=\/wp\/v2\/posts\/44233"}],"collection":[{"href":"https:\/\/archive.sana.sy\/es\/index.php?rest_route=\/wp\/v2\/posts"}],"about":[{"href":"https:\/\/archive.sana.sy\/es\/index.php?rest_route=\/wp\/v2\/types\/post"}],"author":[{"embeddable":true,"href":"https:\/\/archive.sana.sy\/es\/index.php?rest_route=\/wp\/v2\/users\/1"}],"replies":[{"embeddable":true,"href":"https:\/\/archive.sana.sy\/es\/index.php?rest_route=%2Fwp%2Fv2%2Fcomments&post=44233"}],"version-history":[{"count":0,"href":"https:\/\/archive.sana.sy\/es\/index.php?rest_route=\/wp\/v2\/posts\/44233\/revisions"}],"wp:featuredmedia":[{"embeddable":true,"href":"https:\/\/archive.sana.sy\/es\/index.php?rest_route=\/wp\/v2\/media\/44234"}],"wp:attachment":[{"href":"https:\/\/archive.sana.sy\/es\/index.php?rest_route=%2Fwp%2Fv2%2Fmedia&parent=44233"}],"wp:term":[{"taxonomy":"category","embeddable":true,"href":"https:\/\/archive.sana.sy\/es\/index.php?rest_route=%2Fwp%2Fv2%2Fcategories&post=44233"},{"taxonomy":"post_tag","embeddable":true,"href":"https:\/\/archive.sana.sy\/es\/index.php?rest_route=%2Fwp%2Fv2%2Ftags&post=44233"}],"curies":[{"name":"wp","href":"https:\/\/api.w.org\/{rel}","templated":true}]}}