{"id":44256,"date":"2016-05-27T17:47:44","date_gmt":"2016-05-27T14:47:44","guid":{"rendered":"http:\/\/sana.sy\/es\/?p=44256"},"modified":"2023-01-09T14:09:28","modified_gmt":"2023-01-09T12:09:28","slug":"decenas-de-familias-regresan-a-sus-hogares-en-los-pueblos-recien-liberados-en-al-ghouta-oriental","status":"publish","type":"post","link":"https:\/\/archive.sana.sy\/es\/?p=44256","title":{"rendered":"Decenas de familias regresan a sus hogares en los pueblos reci\u00e9n liberados en al-Ghouta Oriental"},"content":{"rendered":"<p style=\"text-align: justify\"><span style=\"color: #800000\">Rif Dimashq, SANA<\/span>&#8211; Decenas de familias comenzaron a regresar a sus casas en los pueblos que se encuentran en al-Ghouta Oriental, en paralelo con la intensificaci\u00f3n de obras de reparaci\u00f3n y mantenimiento para la restauraci\u00f3n de la infraestructura y la reparaci\u00f3n de lo que fue destruido por los grupos terroristas.<\/p>\n<p style=\"text-align: justify\"><a href=\"http:\/\/sana.sy\/es\/?attachment_id=44258\" rel=\"attachment wp-att-44258\"><img loading=\"lazy\" decoding=\"async\" class=\"alignnone size-medium wp-image-44258\" src=\"http:\/\/sana.sy\/es\/wp-content\/uploads\/2016\/05\/\u0643\u0647\u0631\u0628\u0627-300x184-300x184.jpg\" alt=\"\u0643\u0647\u0631\u0628\u0627-300x184\" width=\"300\" height=\"184\" srcset=\"https:\/\/archive.sana.sy\/es\/wp-content\/uploads\/2016\/05\/\u0643\u0647\u0631\u0628\u0627-300x184.jpg 300w, https:\/\/archive.sana.sy\/es\/wp-content\/uploads\/2016\/05\/\u0643\u0647\u0631\u0628\u0627-300x184-150x92.jpg 150w\" sizes=\"(max-width: 300px) 100vw, 300px\" \/><\/a><\/p>\n<p style=\"text-align: justify\">El vicegobernador de la gobernaci\u00f3n de Rif Dimashq Rateb Abbas, explic\u00f3 que la vida comenz\u00f3 a volver a la normalidad gradualmente en los pueblos reci\u00e9n liberados por el Ej\u00e9rcito \u00c1rabe Sirio.<\/p>\n<p style=\"text-align: justify\">En el mismo contexto, Abbas se\u00f1al\u00f3 que los talleres de electricidad y servicios t\u00e9cnicos iniciaron a trabajar y retirar los escombros en preparaci\u00f3n para el regreso de los lugare\u00f1os, agregando que el Subcomit\u00e9 de auxilio de la provincia est\u00e1 trabajando para proporcionar asistencia de socorro para las familias que regresan a sus hogares.<\/p>\n<p style=\"text-align: justify\">Por su parte, los lugare\u00f1os regresados reiteraron su posici\u00f3n de apoyar al Ej\u00e9rcito \u00c1rabe Siria en su guerra contra el terrorismo y erradicarlo de toda la zona de al-Ghouta Oriental.<\/p>\n<p style=\"text-align: justify\"><a href=\"http:\/\/sana.sy\/es\/?attachment_id=44266\" rel=\"attachment wp-att-44266\"><img loading=\"lazy\" decoding=\"async\" class=\"alignnone size-medium wp-image-44266\" src=\"http:\/\/sana.sy\/es\/wp-content\/uploads\/2016\/05\/1-835-660x330-300x150.jpg\" alt=\"1-835-660x330\" width=\"300\" height=\"150\" srcset=\"https:\/\/archive.sana.sy\/es\/wp-content\/uploads\/2016\/05\/1-835-660x330-300x150.jpg 300w, https:\/\/archive.sana.sy\/es\/wp-content\/uploads\/2016\/05\/1-835-660x330-150x75.jpg 150w, https:\/\/archive.sana.sy\/es\/wp-content\/uploads\/2016\/05\/1-835-660x330.jpg 660w\" sizes=\"(max-width: 300px) 100vw, 300px\" \/><\/a><\/p>\n<p>M.Miri<\/p>\n","protected":false},"excerpt":{"rendered":"<p>Rif Dimashq, SANA&#8211; Decenas de familias comenzaron a regresar a sus casas en los pueblos que se encuentran en al-Ghouta Oriental, en paralelo con la intensificaci\u00f3n de obras de reparaci\u00f3n y mantenimiento para la restauraci\u00f3n de la infraestructura y la reparaci\u00f3n de lo que fue destruido por los grupos terroristas. El vicegobernador de la gobernaci\u00f3n &hellip;<\/p>\n","protected":false},"author":1,"featured_media":44257,"comment_status":"closed","ping_status":"closed","sticky":false,"template":"","format":"standard","meta":{"footnotes":""},"categories":[477,476,7541],"tags":[8689],"class_list":["post-44256","post","type-post","status-publish","format-standard","has-post-thumbnail","","category-noticias-edulcorantes","category-locales","category-ultimas-noticias","tag-al-ghouta-oriental"],"_links":{"self":[{"href":"https:\/\/archive.sana.sy\/es\/index.php?rest_route=\/wp\/v2\/posts\/44256"}],"collection":[{"href":"https:\/\/archive.sana.sy\/es\/index.php?rest_route=\/wp\/v2\/posts"}],"about":[{"href":"https:\/\/archive.sana.sy\/es\/index.php?rest_route=\/wp\/v2\/types\/post"}],"author":[{"embeddable":true,"href":"https:\/\/archive.sana.sy\/es\/index.php?rest_route=\/wp\/v2\/users\/1"}],"replies":[{"embeddable":true,"href":"https:\/\/archive.sana.sy\/es\/index.php?rest_route=%2Fwp%2Fv2%2Fcomments&post=44256"}],"version-history":[{"count":0,"href":"https:\/\/archive.sana.sy\/es\/index.php?rest_route=\/wp\/v2\/posts\/44256\/revisions"}],"wp:featuredmedia":[{"embeddable":true,"href":"https:\/\/archive.sana.sy\/es\/index.php?rest_route=\/wp\/v2\/media\/44257"}],"wp:attachment":[{"href":"https:\/\/archive.sana.sy\/es\/index.php?rest_route=%2Fwp%2Fv2%2Fmedia&parent=44256"}],"wp:term":[{"taxonomy":"category","embeddable":true,"href":"https:\/\/archive.sana.sy\/es\/index.php?rest_route=%2Fwp%2Fv2%2Fcategories&post=44256"},{"taxonomy":"post_tag","embeddable":true,"href":"https:\/\/archive.sana.sy\/es\/index.php?rest_route=%2Fwp%2Fv2%2Ftags&post=44256"}],"curies":[{"name":"wp","href":"https:\/\/api.w.org\/{rel}","templated":true}]}}