{"id":44306,"date":"2016-05-28T19:03:41","date_gmt":"2016-05-28T16:03:41","guid":{"rendered":"http:\/\/sana.sy\/es\/?p=44306"},"modified":"2016-05-28T19:03:41","modified_gmt":"2016-05-28T16:03:41","slug":"zarif-cualquier-solucion-a-la-crisis-en-siria-debe-respetar-la-voluntad-del-pueblo-sirio-y-la-soberania-de-su-pais","status":"publish","type":"post","link":"https:\/\/archive.sana.sy\/es\/?p=44306","title":{"rendered":"Zarif: cualquier soluci\u00f3n a la crisis en Siria debe respetar la voluntad del pueblo sirio y la soberan\u00eda de su pa\u00eds"},"content":{"rendered":"<p style=\"text-align: justify\"><span style=\"color: #800000\">Teher\u00e1n, SANA<\/span>&#8211; El canciller iran\u00ed, Mohammad Javad Zarif, hizo hincapi\u00e9 en que cualquier soluci\u00f3n a la crisis en Siria debe respetar la voluntad del pueblo sirio y la soberan\u00eda de su pa\u00eds.<\/p>\n<p style=\"text-align: justify\">Durante su reuni\u00f3n con el canciller lituano Linas Linkevicius, Zarif indic\u00f3 que presentar condiciones poco realistas en el proceso pol\u00edtico y el apoyo de algunas partes regionales a los terroristas obstaculizar\u00e1 el acuerdo de cese de hostilidades y complicar\u00e1 el proceso pol\u00edtico en Siria.<\/p>\n<p style=\"text-align: justify\">Por su parte, Linkevicius elogi\u00f3 el papel que est\u00e1 jugando en la regi\u00f3n y dijo: &#8220;Queremos fortalecer las consultas entre ambos pa\u00edses en diversos \u00e1mbitos pol\u00edticos, culturales y parlamentarias.&#8221;<\/p>\n<p style=\"text-align: justify\">Al terminar las conversaciones, los dos ministros firmaron un memorando de entendimiento sobre consultas pol\u00edticas entre los dos pa\u00edses.<\/p>\n<p style=\"text-align: justify\">Anteriormente, El presidente de Ir\u00e1n, Hassan Rowhani destac\u00f3 despu\u00e9s de una reuni\u00f3n con Linkevicius, la necesidad de una cooperaci\u00f3n internacional para luchar contra el terrorismo y el extremismo.<\/p>\n<p>M.Miri<\/p>\n","protected":false},"excerpt":{"rendered":"<p>Teher\u00e1n, SANA&#8211; El canciller iran\u00ed, Mohammad Javad Zarif, hizo hincapi\u00e9 en que cualquier soluci\u00f3n a la crisis en Siria debe respetar la voluntad del pueblo sirio y la soberan\u00eda de su pa\u00eds. Durante su reuni\u00f3n con el canciller lituano Linas Linkevicius, Zarif indic\u00f3 que presentar condiciones poco realistas en el proceso pol\u00edtico y el apoyo &hellip;<\/p>\n","protected":false},"author":1,"featured_media":44307,"comment_status":"closed","ping_status":"closed","sticky":false,"template":"","format":"standard","meta":{"footnotes":""},"categories":[467,7541],"tags":[8690],"class_list":["post-44306","post","type-post","status-publish","format-standard","has-post-thumbnail","","category-siria-y-el-mundo","category-ultimas-noticias","tag-zarif"],"_links":{"self":[{"href":"https:\/\/archive.sana.sy\/es\/index.php?rest_route=\/wp\/v2\/posts\/44306"}],"collection":[{"href":"https:\/\/archive.sana.sy\/es\/index.php?rest_route=\/wp\/v2\/posts"}],"about":[{"href":"https:\/\/archive.sana.sy\/es\/index.php?rest_route=\/wp\/v2\/types\/post"}],"author":[{"embeddable":true,"href":"https:\/\/archive.sana.sy\/es\/index.php?rest_route=\/wp\/v2\/users\/1"}],"replies":[{"embeddable":true,"href":"https:\/\/archive.sana.sy\/es\/index.php?rest_route=%2Fwp%2Fv2%2Fcomments&post=44306"}],"version-history":[{"count":0,"href":"https:\/\/archive.sana.sy\/es\/index.php?rest_route=\/wp\/v2\/posts\/44306\/revisions"}],"wp:featuredmedia":[{"embeddable":true,"href":"https:\/\/archive.sana.sy\/es\/index.php?rest_route=\/wp\/v2\/media\/44307"}],"wp:attachment":[{"href":"https:\/\/archive.sana.sy\/es\/index.php?rest_route=%2Fwp%2Fv2%2Fmedia&parent=44306"}],"wp:term":[{"taxonomy":"category","embeddable":true,"href":"https:\/\/archive.sana.sy\/es\/index.php?rest_route=%2Fwp%2Fv2%2Fcategories&post=44306"},{"taxonomy":"post_tag","embeddable":true,"href":"https:\/\/archive.sana.sy\/es\/index.php?rest_route=%2Fwp%2Fv2%2Ftags&post=44306"}],"curies":[{"name":"wp","href":"https:\/\/api.w.org\/{rel}","templated":true}]}}