{"id":44317,"date":"2016-05-28T19:55:12","date_gmt":"2016-05-28T16:55:12","guid":{"rendered":"http:\/\/sana.sy\/es\/?p=44317"},"modified":"2016-05-28T19:55:12","modified_gmt":"2016-05-28T16:55:12","slug":"fuerzas-iraquies-abaten-a-80-terroristas-del-ei","status":"publish","type":"post","link":"https:\/\/archive.sana.sy\/es\/?p=44317","title":{"rendered":"Fuerzas iraqu\u00edes abaten a 80 terroristas del EI"},"content":{"rendered":"<p style=\"text-align: justify\"><span style=\"color: #800000\">Bagdad, SANA<\/span>&#8211; Las fuerzas iraqu\u00edes conjuntas recuperaron el control del ochenta por ciento del distrito de al-Khalidiya en la provincia de al-Anbar y acabaron con la vida de 80 integrantes de la organizaci\u00f3n terrorista &#8220;Daesh&#8221;.<\/p>\n<p style=\"text-align: justify\">Seg\u00fan inform\u00f3 Naji Al-Muhammadi, l\u00edder en Las Fuerzas de Movilizaci\u00f3n Popular, &#8221; las fuerzas iraqu\u00edes conjuntas lograron recuperar el control completo del ochenta por ciento del distrito de al-Khalidiya en la provincia de al-Anbar, y eliminaron a ochenta terroristas, en su mayor\u00eda de nacionalidades \u00e1rabes y extranjeros&#8221;.<\/p>\n<p style=\"text-align: justify\">Al-Muhammadi aclar\u00f3 que las fuerzas conjuntas destruyeron ocho t\u00faneles secretos que un\u00edan el centro del distrito de al-Khalidiya con el desierto cercano, indicando que la liberalizaci\u00f3n de la ciudad de Faluya ayudar\u00e1 a cortar otra l\u00ednea de suministro de los terroristas en la ciudad y acelera la recuperaci\u00f3n de la ciudad y acabar con los terroristas de &#8220;Daesh&#8221;.<\/p>\n<p style=\"text-align: justify\">Las fuerzas iraqu\u00edes recuperaron en viernes el control del centro de localidad de al-Karmah en la provincia de al-Anbar, despu\u00e9s de expulsar a los terroristas del EI y acabar con decenas de ellos.<\/p>\n<p style=\"text-align: justify\">M.Miri<\/p>\n","protected":false},"excerpt":{"rendered":"<p>Bagdad, SANA&#8211; Las fuerzas iraqu\u00edes conjuntas recuperaron el control del ochenta por ciento del distrito de al-Khalidiya en la provincia de al-Anbar y acabaron con la vida de 80 integrantes de la organizaci\u00f3n terrorista &#8220;Daesh&#8221;. Seg\u00fan inform\u00f3 Naji Al-Muhammadi, l\u00edder en Las Fuerzas de Movilizaci\u00f3n Popular, &#8221; las fuerzas iraqu\u00edes conjuntas lograron recuperar el control &hellip;<\/p>\n","protected":false},"author":1,"featured_media":44318,"comment_status":"closed","ping_status":"closed","sticky":false,"template":"","format":"standard","meta":{"footnotes":""},"categories":[456,457],"tags":[5835],"class_list":["post-44317","post","type-post","status-publish","format-standard","has-post-thumbnail","","category-arabe-internacional-politica","category-noticias-arabe-internacional-politica","tag-iraq"],"_links":{"self":[{"href":"https:\/\/archive.sana.sy\/es\/index.php?rest_route=\/wp\/v2\/posts\/44317"}],"collection":[{"href":"https:\/\/archive.sana.sy\/es\/index.php?rest_route=\/wp\/v2\/posts"}],"about":[{"href":"https:\/\/archive.sana.sy\/es\/index.php?rest_route=\/wp\/v2\/types\/post"}],"author":[{"embeddable":true,"href":"https:\/\/archive.sana.sy\/es\/index.php?rest_route=\/wp\/v2\/users\/1"}],"replies":[{"embeddable":true,"href":"https:\/\/archive.sana.sy\/es\/index.php?rest_route=%2Fwp%2Fv2%2Fcomments&post=44317"}],"version-history":[{"count":0,"href":"https:\/\/archive.sana.sy\/es\/index.php?rest_route=\/wp\/v2\/posts\/44317\/revisions"}],"wp:featuredmedia":[{"embeddable":true,"href":"https:\/\/archive.sana.sy\/es\/index.php?rest_route=\/wp\/v2\/media\/44318"}],"wp:attachment":[{"href":"https:\/\/archive.sana.sy\/es\/index.php?rest_route=%2Fwp%2Fv2%2Fmedia&parent=44317"}],"wp:term":[{"taxonomy":"category","embeddable":true,"href":"https:\/\/archive.sana.sy\/es\/index.php?rest_route=%2Fwp%2Fv2%2Fcategories&post=44317"},{"taxonomy":"post_tag","embeddable":true,"href":"https:\/\/archive.sana.sy\/es\/index.php?rest_route=%2Fwp%2Fv2%2Ftags&post=44317"}],"curies":[{"name":"wp","href":"https:\/\/api.w.org\/{rel}","templated":true}]}}