{"id":44403,"date":"2016-05-31T12:41:07","date_gmt":"2016-05-31T09:41:07","guid":{"rendered":"http:\/\/www.sana.sy\/es\/?p=44403"},"modified":"2016-05-31T12:41:07","modified_gmt":"2016-05-31T09:41:07","slug":"fuerzas-iraquies-avanzan-en-faluya-y-el-terrorismo-vuelve-a-sacudir-a-bagdad","status":"publish","type":"post","link":"https:\/\/archive.sana.sy\/es\/?p=44403","title":{"rendered":"Fuerzas iraqu\u00edes avanzan en Faluya y el terrorismo vuelve a sacudir a Bagdad"},"content":{"rendered":"<div><span lang=\"ES-TRAD\" style=\"color: #800000\">Bagdad, SANA<\/span><\/div>\n<div><span lang=\"ES-TRAD\">La Fuerza A\u00e9rea del Ej\u00e9rcito iraqu\u00ed abati\u00f3 a siete cabecillas del grupo terrorista del Estado Isl\u00e1mico (EI), durante las operaciones para liberar la ciudad de Faluya, en la provincia occidental de Al-Anbar.<\/span><\/div>\n<div><span lang=\"ES-TRAD\">El servicio de prensa del mando conjunto de las fuerzas iraqu\u00edes comunic\u00f3 que entre los abatidos se encuentran un responsable de la inteligencia y seguridad y un alto asesor del l\u00edder del EI, Abu Bakr al-Bagdadi.<\/span><\/div>\n<div><span lang=\"ES-TRAD\">A primeras horas del lunes, las tropas de \u00e9lite antiterroristas de Irak lograron entrar en esta ciudad estrat\u00e9gica que est\u00e1 ocupada por el EI.<\/span><\/div>\n<div><span lang=\"ES-TRAD\">Al mismo tiempo, una fuente de seguridad anunci\u00f3 que las fuerzas iraqu\u00edes mataron a 23 integrantes del EI, incluidos cinco extremistas suicidas, durante las operaciones para liberar la regi\u00f3n de Albu Shayal, en el norte de Faluya.<\/span><\/div>\n<div><span lang=\"ES-TRAD\">Por otro lado, m\u00e1s de 20 personas perdieron la vida y 46 resultaron heridas por una cadena de explosiones en Bagdad y sus afueras.<\/span><\/div>\n<div><span lang=\"ES-TRAD\">Fuentes policiales informaron que uno de los ataques ocurri\u00f3 en un barrio de Bagdad, en el que el estallido de un coche bomba ha quitado la vida de 12 personas y ha dejado a 20 heridas.<\/span><\/div>\n","protected":false},"excerpt":{"rendered":"<p>Bagdad, SANA La Fuerza A\u00e9rea del Ej\u00e9rcito iraqu\u00ed abati\u00f3 a siete cabecillas del grupo terrorista del Estado Isl\u00e1mico (EI), durante las operaciones para liberar la ciudad de Faluya, en la provincia occidental de Al-Anbar. El servicio de prensa del mando conjunto de las fuerzas iraqu\u00edes comunic\u00f3 que entre los abatidos se encuentran un responsable de &hellip;<\/p>\n","protected":false},"author":24,"featured_media":44404,"comment_status":"closed","ping_status":"closed","sticky":false,"template":"","format":"standard","meta":{"footnotes":""},"categories":[456],"tags":[],"class_list":["post-44403","post","type-post","status-publish","format-standard","has-post-thumbnail","","category-arabe-internacional-politica"],"_links":{"self":[{"href":"https:\/\/archive.sana.sy\/es\/index.php?rest_route=\/wp\/v2\/posts\/44403"}],"collection":[{"href":"https:\/\/archive.sana.sy\/es\/index.php?rest_route=\/wp\/v2\/posts"}],"about":[{"href":"https:\/\/archive.sana.sy\/es\/index.php?rest_route=\/wp\/v2\/types\/post"}],"author":[{"embeddable":true,"href":"https:\/\/archive.sana.sy\/es\/index.php?rest_route=\/wp\/v2\/users\/24"}],"replies":[{"embeddable":true,"href":"https:\/\/archive.sana.sy\/es\/index.php?rest_route=%2Fwp%2Fv2%2Fcomments&post=44403"}],"version-history":[{"count":0,"href":"https:\/\/archive.sana.sy\/es\/index.php?rest_route=\/wp\/v2\/posts\/44403\/revisions"}],"wp:featuredmedia":[{"embeddable":true,"href":"https:\/\/archive.sana.sy\/es\/index.php?rest_route=\/wp\/v2\/media\/44404"}],"wp:attachment":[{"href":"https:\/\/archive.sana.sy\/es\/index.php?rest_route=%2Fwp%2Fv2%2Fmedia&parent=44403"}],"wp:term":[{"taxonomy":"category","embeddable":true,"href":"https:\/\/archive.sana.sy\/es\/index.php?rest_route=%2Fwp%2Fv2%2Fcategories&post=44403"},{"taxonomy":"post_tag","embeddable":true,"href":"https:\/\/archive.sana.sy\/es\/index.php?rest_route=%2Fwp%2Fv2%2Ftags&post=44403"}],"curies":[{"name":"wp","href":"https:\/\/api.w.org\/{rel}","templated":true}]}}