{"id":44406,"date":"2016-05-31T12:48:18","date_gmt":"2016-05-31T09:48:18","guid":{"rendered":"http:\/\/www.sana.sy\/es\/?p=44406"},"modified":"2016-05-31T12:48:18","modified_gmt":"2016-05-31T09:48:18","slug":"presidente-rohani-asegura-que-medida-saudi-sobre-peregrinacion-sirve-a-intereses-de-israel","status":"publish","type":"post","link":"https:\/\/archive.sana.sy\/es\/?p=44406","title":{"rendered":"Presidente Rohani asegura que medida saud\u00ed sobre Peregrinaci\u00f3n sirve a intereses de Israel"},"content":{"rendered":"<div><span lang=\"ES-TRAD\" style=\"color: #800000\">Teher\u00e1n, SANA<\/span><\/div>\n<div><span lang=\"ES-TRAD\">El presidente de Ir\u00e1n, Hasan Rohani, denunci\u00f3 los impedimentos de la monarqu\u00eda saud\u00ed a la participaci\u00f3n digna y honrada de peregrinos iran\u00edes en los rituales de la Peregrinaci\u00f3n de este a\u00f1o y dijo que s\u00f3lo sirven los intereses de Israel.<\/span><\/div>\n<div><span lang=\"ES-TRAD\">En un encuentro con ulemas, veteranos de guerra y elites de la provincia de Azerbaiy\u00e1n, Rohani enfatiz\u00f3 que &#8220;la Peregrinaci\u00f3n, La Meca y Medina pertenecen a todos los musulmanes y son de inter\u00e9s del mundo isl\u00e1mico&#8221;.<\/span><\/div>\n<div><span lang=\"ES-TRAD\">De acuerdo con el mandatario iran\u00ed, \u201cla conducta infantil de los que alegan ser administradores de las ciudades de La Meca y Medina al obstaculizar el camino de Dios y propagar la inestabilidad en la regi\u00f3n, solo sirven a los intereses del r\u00e9gimen de Israel\u201d.<\/span><\/div>\n<div><span lang=\"ES-TRAD\">Subray\u00f3 que \u201cel terrorismo y el asesinato tienen sus ra\u00edces en el sionismo internacional, pero cuando ellos ven la unidad y la firmeza del pueblo iran\u00ed, no pueden hacer nada\u201d.<\/span><\/div>\n<div><span lang=\"ES-TRAD\">El domingo, la Organizaci\u00f3n de Peregrinaci\u00f3n de Ir\u00e1n anunci\u00f3 en un comunicado la anulaci\u00f3n de la peregrinaci\u00f3n de este a\u00f1o de ciudadanos iran\u00edes debido a los sabotajes de las autoridades saud\u00edes.<\/span><\/div>\n","protected":false},"excerpt":{"rendered":"<p>Teher\u00e1n, SANA El presidente de Ir\u00e1n, Hasan Rohani, denunci\u00f3 los impedimentos de la monarqu\u00eda saud\u00ed a la participaci\u00f3n digna y honrada de peregrinos iran\u00edes en los rituales de la Peregrinaci\u00f3n de este a\u00f1o y dijo que s\u00f3lo sirven los intereses de Israel. En un encuentro con ulemas, veteranos de guerra y elites de la provincia &hellip;<\/p>\n","protected":false},"author":24,"featured_media":44407,"comment_status":"closed","ping_status":"closed","sticky":false,"template":"","format":"standard","meta":{"footnotes":""},"categories":[456],"tags":[],"class_list":["post-44406","post","type-post","status-publish","format-standard","has-post-thumbnail","","category-arabe-internacional-politica"],"_links":{"self":[{"href":"https:\/\/archive.sana.sy\/es\/index.php?rest_route=\/wp\/v2\/posts\/44406"}],"collection":[{"href":"https:\/\/archive.sana.sy\/es\/index.php?rest_route=\/wp\/v2\/posts"}],"about":[{"href":"https:\/\/archive.sana.sy\/es\/index.php?rest_route=\/wp\/v2\/types\/post"}],"author":[{"embeddable":true,"href":"https:\/\/archive.sana.sy\/es\/index.php?rest_route=\/wp\/v2\/users\/24"}],"replies":[{"embeddable":true,"href":"https:\/\/archive.sana.sy\/es\/index.php?rest_route=%2Fwp%2Fv2%2Fcomments&post=44406"}],"version-history":[{"count":0,"href":"https:\/\/archive.sana.sy\/es\/index.php?rest_route=\/wp\/v2\/posts\/44406\/revisions"}],"wp:featuredmedia":[{"embeddable":true,"href":"https:\/\/archive.sana.sy\/es\/index.php?rest_route=\/wp\/v2\/media\/44407"}],"wp:attachment":[{"href":"https:\/\/archive.sana.sy\/es\/index.php?rest_route=%2Fwp%2Fv2%2Fmedia&parent=44406"}],"wp:term":[{"taxonomy":"category","embeddable":true,"href":"https:\/\/archive.sana.sy\/es\/index.php?rest_route=%2Fwp%2Fv2%2Fcategories&post=44406"},{"taxonomy":"post_tag","embeddable":true,"href":"https:\/\/archive.sana.sy\/es\/index.php?rest_route=%2Fwp%2Fv2%2Ftags&post=44406"}],"curies":[{"name":"wp","href":"https:\/\/api.w.org\/{rel}","templated":true}]}}