{"id":44409,"date":"2016-05-31T13:19:42","date_gmt":"2016-05-31T10:19:42","guid":{"rendered":"http:\/\/www.sana.sy\/es\/?p=44409"},"modified":"2016-05-31T13:19:42","modified_gmt":"2016-05-31T10:19:42","slug":"resistencia-libanesa-elimina-a-terroristas-del-frente-al-nousra-en-arsal","status":"publish","type":"post","link":"https:\/\/archive.sana.sy\/es\/?p=44409","title":{"rendered":"Resistencia libanesa elimina a terroristas del Frente al Nousra en Arsal"},"content":{"rendered":"<div><span lang=\"ES-TRAD\" style=\"color: #800000\">Beirut, SANA<\/span><\/div>\n<div><span lang=\"ES-TRAD\">La resistencia nacional libanesa elimin\u00f3 a un n\u00famero de terroristas del grupo &#8220;Frente al Nousra&#8221;, en la zona de las canteras al sureste de Arsal en el norte del L\u00edbano.<\/span><\/div>\n<div><span lang=\"ES-TRAD\">Seg\u00fan el canal liban\u00e9s &#8220;Al-Manar&#8221;, los combatientes de la resistencia atacaron a veh\u00edculos y fortificaciones de los terroristas del Frente al Nousra \u00a0en la zona de las canteras al sureste Arsal en el norte de la Bekaa.<\/span><\/div>\n<div><span lang=\"ES-TRAD\">Los terroristas sufrieron numerosas bajas en sus filas.<\/span><\/div>\n<div><span lang=\"ES-TRAD\">La resistencia nacional libanesa hab\u00eda repelido el mes pasado a un ataque de grupo de terroristas del Estado Isl\u00e1mico en las monta\u00f1as de Arsal y Ras Baalbeck.<\/span><\/div>\n","protected":false},"excerpt":{"rendered":"<p>Beirut, SANA La resistencia nacional libanesa elimin\u00f3 a un n\u00famero de terroristas del grupo &#8220;Frente al Nousra&#8221;, en la zona de las canteras al sureste de Arsal en el norte del L\u00edbano. Seg\u00fan el canal liban\u00e9s &#8220;Al-Manar&#8221;, los combatientes de la resistencia atacaron a veh\u00edculos y fortificaciones de los terroristas del Frente al Nousra \u00a0en &hellip;<\/p>\n","protected":false},"author":24,"featured_media":44410,"comment_status":"closed","ping_status":"closed","sticky":false,"template":"","format":"standard","meta":{"footnotes":""},"categories":[456],"tags":[],"class_list":["post-44409","post","type-post","status-publish","format-standard","has-post-thumbnail","","category-arabe-internacional-politica"],"_links":{"self":[{"href":"https:\/\/archive.sana.sy\/es\/index.php?rest_route=\/wp\/v2\/posts\/44409"}],"collection":[{"href":"https:\/\/archive.sana.sy\/es\/index.php?rest_route=\/wp\/v2\/posts"}],"about":[{"href":"https:\/\/archive.sana.sy\/es\/index.php?rest_route=\/wp\/v2\/types\/post"}],"author":[{"embeddable":true,"href":"https:\/\/archive.sana.sy\/es\/index.php?rest_route=\/wp\/v2\/users\/24"}],"replies":[{"embeddable":true,"href":"https:\/\/archive.sana.sy\/es\/index.php?rest_route=%2Fwp%2Fv2%2Fcomments&post=44409"}],"version-history":[{"count":0,"href":"https:\/\/archive.sana.sy\/es\/index.php?rest_route=\/wp\/v2\/posts\/44409\/revisions"}],"wp:featuredmedia":[{"embeddable":true,"href":"https:\/\/archive.sana.sy\/es\/index.php?rest_route=\/wp\/v2\/media\/44410"}],"wp:attachment":[{"href":"https:\/\/archive.sana.sy\/es\/index.php?rest_route=%2Fwp%2Fv2%2Fmedia&parent=44409"}],"wp:term":[{"taxonomy":"category","embeddable":true,"href":"https:\/\/archive.sana.sy\/es\/index.php?rest_route=%2Fwp%2Fv2%2Fcategories&post=44409"},{"taxonomy":"post_tag","embeddable":true,"href":"https:\/\/archive.sana.sy\/es\/index.php?rest_route=%2Fwp%2Fv2%2Ftags&post=44409"}],"curies":[{"name":"wp","href":"https:\/\/api.w.org\/{rel}","templated":true}]}}