{"id":44412,"date":"2016-05-31T13:28:06","date_gmt":"2016-05-31T10:28:06","guid":{"rendered":"http:\/\/www.sana.sy\/es\/?p=44412"},"modified":"2016-05-31T13:28:06","modified_gmt":"2016-05-31T10:28:06","slug":"omakhanov-dispersion-de-las-posturas-internacionales-favorece-a-los-extremistas","status":"publish","type":"post","link":"https:\/\/archive.sana.sy\/es\/?p=44412","title":{"rendered":"Omakhanov: dispersi\u00f3n de las posturas internacionales favorece a los extremistas"},"content":{"rendered":"<div><span lang=\"ES-TRAD\" style=\"color: #800000\">Mosc\u00fa, SANA<\/span><\/div>\n<div><\/div>\n<div><span lang=\"ES-TRAD\">El vicepresidente del Consejo de la Federaci\u00f3n de Rusia, Ilyas Oomakhanov, dijo que la comunidad internacional debe trabajar juntos para luchar contra el terrorismo ya que la dispersi\u00f3n de las posiciones internacionales s\u00f3lo favorece a los extremistas.<\/span><\/div>\n<div><span lang=\"ES-TRAD\">En un discurso pronunciado ante una conferencia internacional celebrada en la capital kazaja Astana bajo el lema &#8220;La religi\u00f3n contra el terrorismo&#8221;, Omakhanov dijo que &#8220;Rusia es consciente de la necesidad de unir los esfuerzos de todas las fuerzas en la comunidad mundial, especialmente, que los terroristas encuentren un lenguaje com\u00fan entre s\u00ed m\u00e1s r\u00e1pido y m\u00e1s f\u00e1cil que los pol\u00edticos&#8221;.<\/span><\/div>\n<div><span lang=\"ES-TRAD\">El parlamentario ruso indic\u00f3 que &#8220;la dispersi\u00f3n y la falta de coordinaci\u00f3n entre los estados beneficia a los terroristas y hace a la comunidad internacional perdedora en la batalla con los terroristas.<\/span><\/div>\n<div><span lang=\"ES-TRAD\">Asimismo, llam\u00f3 a elaborar normas internacionales espec\u00edficas para la definici\u00f3n del terrorismo y las organizaciones terroristas.<\/span><\/div>\n<div><span lang=\"ES-TRAD\">Omakhanov subray\u00f3 que &#8220;Rusia est\u00e1 firme en la lucha contra el terrorismo y si es necesario usar\u00e1 la fuerza contra los escondites de los terroristas en cualquier lugar.&#8221;<\/span><\/div>\n","protected":false},"excerpt":{"rendered":"<p>Mosc\u00fa, SANA El vicepresidente del Consejo de la Federaci\u00f3n de Rusia, Ilyas Oomakhanov, dijo que la comunidad internacional debe trabajar juntos para luchar contra el terrorismo ya que la dispersi\u00f3n de las posiciones internacionales s\u00f3lo favorece a los extremistas. En un discurso pronunciado ante una conferencia internacional celebrada en la capital kazaja Astana bajo el &hellip;<\/p>\n","protected":false},"author":24,"featured_media":44413,"comment_status":"closed","ping_status":"closed","sticky":false,"template":"","format":"standard","meta":{"footnotes":""},"categories":[456],"tags":[],"class_list":["post-44412","post","type-post","status-publish","format-standard","has-post-thumbnail","","category-arabe-internacional-politica"],"_links":{"self":[{"href":"https:\/\/archive.sana.sy\/es\/index.php?rest_route=\/wp\/v2\/posts\/44412"}],"collection":[{"href":"https:\/\/archive.sana.sy\/es\/index.php?rest_route=\/wp\/v2\/posts"}],"about":[{"href":"https:\/\/archive.sana.sy\/es\/index.php?rest_route=\/wp\/v2\/types\/post"}],"author":[{"embeddable":true,"href":"https:\/\/archive.sana.sy\/es\/index.php?rest_route=\/wp\/v2\/users\/24"}],"replies":[{"embeddable":true,"href":"https:\/\/archive.sana.sy\/es\/index.php?rest_route=%2Fwp%2Fv2%2Fcomments&post=44412"}],"version-history":[{"count":0,"href":"https:\/\/archive.sana.sy\/es\/index.php?rest_route=\/wp\/v2\/posts\/44412\/revisions"}],"wp:featuredmedia":[{"embeddable":true,"href":"https:\/\/archive.sana.sy\/es\/index.php?rest_route=\/wp\/v2\/media\/44413"}],"wp:attachment":[{"href":"https:\/\/archive.sana.sy\/es\/index.php?rest_route=%2Fwp%2Fv2%2Fmedia&parent=44412"}],"wp:term":[{"taxonomy":"category","embeddable":true,"href":"https:\/\/archive.sana.sy\/es\/index.php?rest_route=%2Fwp%2Fv2%2Fcategories&post=44412"},{"taxonomy":"post_tag","embeddable":true,"href":"https:\/\/archive.sana.sy\/es\/index.php?rest_route=%2Fwp%2Fv2%2Ftags&post=44412"}],"curies":[{"name":"wp","href":"https:\/\/api.w.org\/{rel}","templated":true}]}}