{"id":44415,"date":"2016-05-31T17:34:08","date_gmt":"2016-05-31T14:34:08","guid":{"rendered":"http:\/\/www.sana.sy\/es\/?p=44415"},"modified":"2016-05-31T19:29:15","modified_gmt":"2016-05-31T16:29:15","slug":"lavrov-el-plazo-a-los-grupos-armados-en-siria-para-que-se-separen-de-al-nousra-termina-esta-semana","status":"publish","type":"post","link":"https:\/\/archive.sana.sy\/es\/?p=44415","title":{"rendered":"Lavrov: el plazo a los grupos armados en Siria para que se separen de Al Nousra termina esta semana"},"content":{"rendered":"<p><span style=\"color: #800000\">Mosc\u00fa, SANA<\/span><\/p>\n<p style=\"text-align: justify\">El ministro de Exteriores ruso, Serguie Lavrov, afirm\u00f3 que el plazo de Rusia a los grupos armados en Siria termina esta semana, asegurando que Mosc\u00fa atacar\u00e1 a los grupos que no se separar\u00e1n del los terroristas del Frente al Nousra despu\u00e9s de este plazo.<\/p>\n<p style=\"text-align: justify\">El Canciller ruso critic\u00f3\u00a0en otro contexto que \u201cla oposici\u00f3n de Riad\u201d es la que est\u00e1 retrasando\u00a0la celebraci\u00f3n de la nueva ronda del di\u00e1logo intersirio en Ginebra.<\/p>\n<p style=\"text-align: justify\">Se\u00f1al\u00f3\u00a0que Occidente aplica una pol\u00edtica sistem\u00e1tica destinada a prevenir los procesos de integraci\u00f3n en Eurasia.<\/p>\n<p style=\"text-align: justify\">Por otro lado, indic\u00f3 que los l\u00edderes pol\u00edticos no permitir\u00e1n que se estalle una tercera guerra mundial.<\/p>\n<p>&nbsp;<\/p>\n<p>&nbsp;<\/p>\n<p>Fady M., Lynn A.<\/p>\n","protected":false},"excerpt":{"rendered":"<p>Mosc\u00fa, SANA El ministro de Exteriores ruso, Serguie Lavrov, afirm\u00f3 que el plazo de Rusia a los grupos armados en Siria termina esta semana, asegurando que Mosc\u00fa atacar\u00e1 a los grupos que no se separar\u00e1n del los terroristas del Frente al Nousra despu\u00e9s de este plazo. El Canciller ruso critic\u00f3\u00a0en otro contexto que \u201cla oposici\u00f3n &hellip;<\/p>\n","protected":false},"author":24,"featured_media":44465,"comment_status":"closed","ping_status":"closed","sticky":false,"template":"","format":"standard","meta":{"footnotes":""},"categories":[597,467,7541],"tags":[],"class_list":["post-44415","post","type-post","status-publish","format-standard","has-post-thumbnail","","category-cinta-de-noticias","category-siria-y-el-mundo","category-ultimas-noticias"],"_links":{"self":[{"href":"https:\/\/archive.sana.sy\/es\/index.php?rest_route=\/wp\/v2\/posts\/44415"}],"collection":[{"href":"https:\/\/archive.sana.sy\/es\/index.php?rest_route=\/wp\/v2\/posts"}],"about":[{"href":"https:\/\/archive.sana.sy\/es\/index.php?rest_route=\/wp\/v2\/types\/post"}],"author":[{"embeddable":true,"href":"https:\/\/archive.sana.sy\/es\/index.php?rest_route=\/wp\/v2\/users\/24"}],"replies":[{"embeddable":true,"href":"https:\/\/archive.sana.sy\/es\/index.php?rest_route=%2Fwp%2Fv2%2Fcomments&post=44415"}],"version-history":[{"count":0,"href":"https:\/\/archive.sana.sy\/es\/index.php?rest_route=\/wp\/v2\/posts\/44415\/revisions"}],"wp:featuredmedia":[{"embeddable":true,"href":"https:\/\/archive.sana.sy\/es\/index.php?rest_route=\/wp\/v2\/media\/44465"}],"wp:attachment":[{"href":"https:\/\/archive.sana.sy\/es\/index.php?rest_route=%2Fwp%2Fv2%2Fmedia&parent=44415"}],"wp:term":[{"taxonomy":"category","embeddable":true,"href":"https:\/\/archive.sana.sy\/es\/index.php?rest_route=%2Fwp%2Fv2%2Fcategories&post=44415"},{"taxonomy":"post_tag","embeddable":true,"href":"https:\/\/archive.sana.sy\/es\/index.php?rest_route=%2Fwp%2Fv2%2Ftags&post=44415"}],"curies":[{"name":"wp","href":"https:\/\/api.w.org\/{rel}","templated":true}]}}