{"id":44428,"date":"2016-05-31T16:09:52","date_gmt":"2016-05-31T13:09:52","guid":{"rendered":"http:\/\/www.sana.sy\/es\/?p=44428"},"modified":"2016-05-31T19:26:54","modified_gmt":"2016-05-31T16:26:54","slug":"lariyani-vuelve-a-dirigir-el-parlamento-irani","status":"publish","type":"post","link":"https:\/\/archive.sana.sy\/es\/?p=44428","title":{"rendered":"Lariyani vuelve a dirigir el Parlamento iran\u00ed"},"content":{"rendered":"<p><span style=\"color: #800000\">Teher\u00e1n, SANA<\/span><\/p>\n<p style=\"text-align: justify\">Ali Lariyani contin\u00faa ocupando la presidencia de la Asamblea Consultiva Isl\u00e1mica de Ir\u00e1n para otro a\u00f1o, consiguiendo este martes 237 votos del total de los 276 sufragios de los legisladores iran\u00edes.<\/p>\n<p style=\"text-align: justify\">Un d\u00eda despu\u00e9s del inicio de las labores del nuevo Parlamento iran\u00ed, Lariyani fue elegido el domingo como el presidente interino de dicha instituci\u00f3n al recibir 173 de los 290 votos en una carrera con la figura pol\u00edtica Mohamad Reza Aref.<\/p>\n<p>Fady M., Lynn A.<\/p>\n","protected":false},"excerpt":{"rendered":"<p>Teher\u00e1n, SANA Ali Lariyani contin\u00faa ocupando la presidencia de la Asamblea Consultiva Isl\u00e1mica de Ir\u00e1n para otro a\u00f1o, consiguiendo este martes 237 votos del total de los 276 sufragios de los legisladores iran\u00edes. Un d\u00eda despu\u00e9s del inicio de las labores del nuevo Parlamento iran\u00ed, Lariyani fue elegido el domingo como el presidente interino de &hellip;<\/p>\n","protected":false},"author":24,"featured_media":29126,"comment_status":"closed","ping_status":"closed","sticky":false,"template":"","format":"standard","meta":{"footnotes":""},"categories":[456,457],"tags":[],"class_list":["post-44428","post","type-post","status-publish","format-standard","has-post-thumbnail","","category-arabe-internacional-politica","category-noticias-arabe-internacional-politica"],"_links":{"self":[{"href":"https:\/\/archive.sana.sy\/es\/index.php?rest_route=\/wp\/v2\/posts\/44428"}],"collection":[{"href":"https:\/\/archive.sana.sy\/es\/index.php?rest_route=\/wp\/v2\/posts"}],"about":[{"href":"https:\/\/archive.sana.sy\/es\/index.php?rest_route=\/wp\/v2\/types\/post"}],"author":[{"embeddable":true,"href":"https:\/\/archive.sana.sy\/es\/index.php?rest_route=\/wp\/v2\/users\/24"}],"replies":[{"embeddable":true,"href":"https:\/\/archive.sana.sy\/es\/index.php?rest_route=%2Fwp%2Fv2%2Fcomments&post=44428"}],"version-history":[{"count":0,"href":"https:\/\/archive.sana.sy\/es\/index.php?rest_route=\/wp\/v2\/posts\/44428\/revisions"}],"wp:featuredmedia":[{"embeddable":true,"href":"https:\/\/archive.sana.sy\/es\/index.php?rest_route=\/wp\/v2\/media\/29126"}],"wp:attachment":[{"href":"https:\/\/archive.sana.sy\/es\/index.php?rest_route=%2Fwp%2Fv2%2Fmedia&parent=44428"}],"wp:term":[{"taxonomy":"category","embeddable":true,"href":"https:\/\/archive.sana.sy\/es\/index.php?rest_route=%2Fwp%2Fv2%2Fcategories&post=44428"},{"taxonomy":"post_tag","embeddable":true,"href":"https:\/\/archive.sana.sy\/es\/index.php?rest_route=%2Fwp%2Fv2%2Ftags&post=44428"}],"curies":[{"name":"wp","href":"https:\/\/api.w.org\/{rel}","templated":true}]}}