{"id":44430,"date":"2016-05-31T16:15:07","date_gmt":"2016-05-31T13:15:07","guid":{"rendered":"http:\/\/www.sana.sy\/es\/?p=44430"},"modified":"2016-05-31T19:26:18","modified_gmt":"2016-05-31T16:26:18","slug":"policia-espanola-detiene-a-un-presunto-terrorista","status":"publish","type":"post","link":"https:\/\/archive.sana.sy\/es\/?p=44430","title":{"rendered":"Polic\u00eda espa\u00f1ola detiene a un presunto terrorista"},"content":{"rendered":"<p><span style=\"color: #800000\">Madrid, SANA<\/span><\/p>\n<p style=\"text-align: justify\">Varios agentes de la Brigada Provincial de Informaci\u00f3n de Barcelona detuvieron a un presunto yihadista por edici\u00f3n y difusi\u00f3n de propaganda.<\/p>\n<p style=\"text-align: justify\">El Ministerio de Interior comunic\u00f3 que el hombre de nacionalidad paquistan\u00ed y residente en la localidad barcelonesa de L&#8217;Hospitalet de Llobregat fue detenido por presunta participaci\u00f3n directa en actividades de edici\u00f3n, difusi\u00f3n y propaganda de contenidos de naturaleza yihadista mediante el empleo de m\u00faltiples cuentas en todo tipo de redes sociales&#8221;.<\/p>\n<p style=\"text-align: justify\">Seg\u00fan la investigaci\u00f3n policial, el detenido manten\u00eda &#8220;un perfil radical&#8221; y una &#8220;muy activa y continuada labor de divulgaci\u00f3n de ideario y estrategias propias de los distintos grupos terroristas yihadistas operativos en Siria e Irak.<\/p>\n<p>&nbsp;<br \/>\nFady M., Lynn A.<\/p>\n","protected":false},"excerpt":{"rendered":"<p>Madrid, SANA Varios agentes de la Brigada Provincial de Informaci\u00f3n de Barcelona detuvieron a un presunto yihadista por edici\u00f3n y difusi\u00f3n de propaganda. El Ministerio de Interior comunic\u00f3 que el hombre de nacionalidad paquistan\u00ed y residente en la localidad barcelonesa de L&#8217;Hospitalet de Llobregat fue detenido por presunta participaci\u00f3n directa en actividades de edici\u00f3n, difusi\u00f3n &hellip;<\/p>\n","protected":false},"author":24,"featured_media":24408,"comment_status":"closed","ping_status":"closed","sticky":false,"template":"","format":"standard","meta":{"footnotes":""},"categories":[456,457],"tags":[],"class_list":["post-44430","post","type-post","status-publish","format-standard","has-post-thumbnail","","category-arabe-internacional-politica","category-noticias-arabe-internacional-politica"],"_links":{"self":[{"href":"https:\/\/archive.sana.sy\/es\/index.php?rest_route=\/wp\/v2\/posts\/44430"}],"collection":[{"href":"https:\/\/archive.sana.sy\/es\/index.php?rest_route=\/wp\/v2\/posts"}],"about":[{"href":"https:\/\/archive.sana.sy\/es\/index.php?rest_route=\/wp\/v2\/types\/post"}],"author":[{"embeddable":true,"href":"https:\/\/archive.sana.sy\/es\/index.php?rest_route=\/wp\/v2\/users\/24"}],"replies":[{"embeddable":true,"href":"https:\/\/archive.sana.sy\/es\/index.php?rest_route=%2Fwp%2Fv2%2Fcomments&post=44430"}],"version-history":[{"count":0,"href":"https:\/\/archive.sana.sy\/es\/index.php?rest_route=\/wp\/v2\/posts\/44430\/revisions"}],"wp:featuredmedia":[{"embeddable":true,"href":"https:\/\/archive.sana.sy\/es\/index.php?rest_route=\/wp\/v2\/media\/24408"}],"wp:attachment":[{"href":"https:\/\/archive.sana.sy\/es\/index.php?rest_route=%2Fwp%2Fv2%2Fmedia&parent=44430"}],"wp:term":[{"taxonomy":"category","embeddable":true,"href":"https:\/\/archive.sana.sy\/es\/index.php?rest_route=%2Fwp%2Fv2%2Fcategories&post=44430"},{"taxonomy":"post_tag","embeddable":true,"href":"https:\/\/archive.sana.sy\/es\/index.php?rest_route=%2Fwp%2Fv2%2Ftags&post=44430"}],"curies":[{"name":"wp","href":"https:\/\/api.w.org\/{rel}","templated":true}]}}