{"id":44570,"date":"2016-06-01T22:37:14","date_gmt":"2016-06-01T19:37:14","guid":{"rendered":"http:\/\/www.sana.sy\/es\/?p=44570"},"modified":"2023-01-09T14:09:28","modified_gmt":"2023-01-09T12:09:28","slug":"8-heridos-en-ataques-terroristas-contra-las-localidades-de-al-foua-y-kerya","status":"publish","type":"post","link":"https:\/\/archive.sana.sy\/es\/?p=44570","title":{"rendered":"8 heridos en ataques terroristas contra las localidades de al-Foua y Kerya"},"content":{"rendered":"<p style=\"text-align: justify\"><span style=\"color: #800000\">Idlib, SANA<\/span>&#8211; Integrantes de grupos terroristas violaron el acuerdo de cese de hostilidades en la provincia norte\u00f1a de Idlib, lanzando proyectiles de cohetes contra las localidades de al-Foua y Kerya ubicadas en el campo norte\u00f1os de la urbe.<\/p>\n<p style=\"text-align: justify\">De acuerdo con fuentes locales, las dos localidades de al-Foua y Kerya, asediadas por parte de grupos terrorista, han sido atacadas este mi\u00e9rcoles con varios con misiles.<\/p>\n<p style=\"text-align: justify\">Los ataques terroristas contra las dos localidades antes mencionadas, dejaron ocho civiles heridos entre ellos, dos ni\u00f1os hermanos, adem\u00e1s de provocar p\u00e9rdidas materiales en ambas localidades.<\/p>\n<p style=\"text-align: justify\">Cabe se\u00f1alar que una mujer y una ni\u00f1a resultaron heridas el martes en ataques terroristas contra la localidad de al-Foua.<\/p>\n<p>M.Miri<\/p>\n","protected":false},"excerpt":{"rendered":"<p>Idlib, SANA&#8211; Integrantes de grupos terroristas violaron el acuerdo de cese de hostilidades en la provincia norte\u00f1a de Idlib, lanzando proyectiles de cohetes contra las localidades de al-Foua y Kerya ubicadas en el campo norte\u00f1os de la urbe. De acuerdo con fuentes locales, las dos localidades de al-Foua y Kerya, asediadas por parte de grupos &hellip;<\/p>\n","protected":false},"author":1,"featured_media":43728,"comment_status":"closed","ping_status":"closed","sticky":false,"template":"","format":"standard","meta":{"footnotes":""},"categories":[477,476,583,7541],"tags":[8598,8637],"class_list":["post-44570","post","type-post","status-publish","format-standard","has-post-thumbnail","","category-noticias-edulcorantes","category-locales","category-slide","category-ultimas-noticias","tag-al-foua","tag-kefraya"],"_links":{"self":[{"href":"https:\/\/archive.sana.sy\/es\/index.php?rest_route=\/wp\/v2\/posts\/44570"}],"collection":[{"href":"https:\/\/archive.sana.sy\/es\/index.php?rest_route=\/wp\/v2\/posts"}],"about":[{"href":"https:\/\/archive.sana.sy\/es\/index.php?rest_route=\/wp\/v2\/types\/post"}],"author":[{"embeddable":true,"href":"https:\/\/archive.sana.sy\/es\/index.php?rest_route=\/wp\/v2\/users\/1"}],"replies":[{"embeddable":true,"href":"https:\/\/archive.sana.sy\/es\/index.php?rest_route=%2Fwp%2Fv2%2Fcomments&post=44570"}],"version-history":[{"count":0,"href":"https:\/\/archive.sana.sy\/es\/index.php?rest_route=\/wp\/v2\/posts\/44570\/revisions"}],"wp:featuredmedia":[{"embeddable":true,"href":"https:\/\/archive.sana.sy\/es\/index.php?rest_route=\/wp\/v2\/media\/43728"}],"wp:attachment":[{"href":"https:\/\/archive.sana.sy\/es\/index.php?rest_route=%2Fwp%2Fv2%2Fmedia&parent=44570"}],"wp:term":[{"taxonomy":"category","embeddable":true,"href":"https:\/\/archive.sana.sy\/es\/index.php?rest_route=%2Fwp%2Fv2%2Fcategories&post=44570"},{"taxonomy":"post_tag","embeddable":true,"href":"https:\/\/archive.sana.sy\/es\/index.php?rest_route=%2Fwp%2Fv2%2Ftags&post=44570"}],"curies":[{"name":"wp","href":"https:\/\/api.w.org\/{rel}","templated":true}]}}