{"id":44591,"date":"2016-06-02T11:59:09","date_gmt":"2016-06-02T08:59:09","guid":{"rendered":"http:\/\/sana.sy\/es\/?p=44591"},"modified":"2016-06-03T14:33:16","modified_gmt":"2016-06-03T11:33:16","slug":"consejo-de-seguridad-de-la-onu-debate-el-viernes-la-situacion-en-siria","status":"publish","type":"post","link":"https:\/\/archive.sana.sy\/es\/?p=44591","title":{"rendered":"Consejo de Seguridad de la ONU debate el viernes la situaci\u00f3n en Siria"},"content":{"rendered":"<p><span style=\"color: #800000\">Nueva York, SANA<\/span><\/p>\n<p style=\"text-align: justify\">El Consejo de Seguridad de las Naciones Unidas abordar\u00e1 ma\u00f1ana viernes la situaci\u00f3n humanitaria en Siria.<\/p>\n<p style=\"text-align: justify\">El presidente de turno del Consejo de Seguridad, Fran\u00e7ois Delattre, dijo que &#8220;el viernes por la ma\u00f1ana se celebrar\u00e1n las consultas con la participaci\u00f3n del enviado especial de la ONU, para Siria, Staffan de Mistura, y el secretario general adjunto de la ONU para asuntos humanitarios, Stephen O&#8217;Brian&#8221;.<\/p>\n<p style=\"text-align: justify\">Delattre llam\u00f3 a la ONU, en particular al Programa Mundial de Alimentos, a llevar a cabo operaciones humanitarias en todas las \u00e1reas necesitadas.<\/p>\n<p>Fady M., Lynn A.<\/p>\n","protected":false},"excerpt":{"rendered":"<p>Nueva York, SANA El Consejo de Seguridad de las Naciones Unidas abordar\u00e1 ma\u00f1ana viernes la situaci\u00f3n humanitaria en Siria. El presidente de turno del Consejo de Seguridad, Fran\u00e7ois Delattre, dijo que &#8220;el viernes por la ma\u00f1ana se celebrar\u00e1n las consultas con la participaci\u00f3n del enviado especial de la ONU, para Siria, Staffan de Mistura, y &hellip;<\/p>\n","protected":false},"author":24,"featured_media":44592,"comment_status":"closed","ping_status":"closed","sticky":false,"template":"","format":"standard","meta":{"footnotes":""},"categories":[467,7541],"tags":[],"class_list":["post-44591","post","type-post","status-publish","format-standard","has-post-thumbnail","","category-siria-y-el-mundo","category-ultimas-noticias"],"_links":{"self":[{"href":"https:\/\/archive.sana.sy\/es\/index.php?rest_route=\/wp\/v2\/posts\/44591"}],"collection":[{"href":"https:\/\/archive.sana.sy\/es\/index.php?rest_route=\/wp\/v2\/posts"}],"about":[{"href":"https:\/\/archive.sana.sy\/es\/index.php?rest_route=\/wp\/v2\/types\/post"}],"author":[{"embeddable":true,"href":"https:\/\/archive.sana.sy\/es\/index.php?rest_route=\/wp\/v2\/users\/24"}],"replies":[{"embeddable":true,"href":"https:\/\/archive.sana.sy\/es\/index.php?rest_route=%2Fwp%2Fv2%2Fcomments&post=44591"}],"version-history":[{"count":0,"href":"https:\/\/archive.sana.sy\/es\/index.php?rest_route=\/wp\/v2\/posts\/44591\/revisions"}],"wp:featuredmedia":[{"embeddable":true,"href":"https:\/\/archive.sana.sy\/es\/index.php?rest_route=\/wp\/v2\/media\/44592"}],"wp:attachment":[{"href":"https:\/\/archive.sana.sy\/es\/index.php?rest_route=%2Fwp%2Fv2%2Fmedia&parent=44591"}],"wp:term":[{"taxonomy":"category","embeddable":true,"href":"https:\/\/archive.sana.sy\/es\/index.php?rest_route=%2Fwp%2Fv2%2Fcategories&post=44591"},{"taxonomy":"post_tag","embeddable":true,"href":"https:\/\/archive.sana.sy\/es\/index.php?rest_route=%2Fwp%2Fv2%2Ftags&post=44591"}],"curies":[{"name":"wp","href":"https:\/\/api.w.org\/{rel}","templated":true}]}}