{"id":44602,"date":"2016-06-02T17:50:15","date_gmt":"2016-06-02T14:50:15","guid":{"rendered":"http:\/\/www.sana.sy\/es\/?p=44602"},"modified":"2016-06-03T14:36:53","modified_gmt":"2016-06-03T11:36:53","slug":"titular-de-salud-el-hospital-nacional-de-yableh-reaundara-prestacion-de-la-atencion-medica-dentro-de-pocos-dias","status":"publish","type":"post","link":"https:\/\/archive.sana.sy\/es\/?p=44602","title":{"rendered":"Titular de Salud: el Hospital Nacional de Yableh reaundar\u00e1 prestaci\u00f3n de atenci\u00f3n m\u00e9dica dentro de pocos d\u00edas"},"content":{"rendered":"<p><span style=\"color: #800000\">Latakia, SANA<\/span><\/p>\n<p style=\"text-align: justify\">El ministro de Salud, Dr. Nizar Yazayi, afirm\u00f3 que el Hospital Nacional de Yableh reanudar\u00e1 la prestaci\u00f3n de sus servicios m\u00e9dicos dentro de pocos d\u00edas.<\/p>\n<p style=\"text-align: justify\">Al efectuar una gira en dicho hospital que fue blanco de un atentado terrorista el 23 del pasado mes de mayo, el titular de salud confirm\u00f3 que el hospital de Yableh recibir\u00e1 todas\u00a0las materiales m\u00e9dicas y t\u00e9cnicas necesarias para que pueda retomar sus servicios m\u00e9dicos de urgencia y la prestaci\u00f3n de atenci\u00f3n sanitaria en el inicio de la pr\u00f3xima semana.<\/p>\n<p style=\"text-align: justify\">Asimismo, el ministro Yazayi cheque\u00f3 los servicios m\u00e9dicos prestados a los ciudadanos en el hospital de al-Bassel en la ciudad de Tartus y el hospital de Banias, as\u00ed como pregunt\u00f3 por la salud de los heridos que cayeron en\u00a0los atentados terroristas contra Yableh y Tartus.<\/p>\n<p style=\"text-align: justify\">Cabe destacar que la explosi\u00f3n terrorista contra el hospital de Yableh caus\u00f3 la destrucci\u00f3n de la Secci\u00f3n de Servicios m\u00e9dicos de Urgencia por completo y afect\u00f3 notablemente a otras secciones, especialmente la de las operaciones quir\u00fargicas.<\/p>\n<p>&nbsp;<\/p>\n<p>Lynn A.<\/p>\n","protected":false},"excerpt":{"rendered":"<p>Latakia, SANA El ministro de Salud, Dr. Nizar Yazayi, afirm\u00f3 que el Hospital Nacional de Yableh reanudar\u00e1 la prestaci\u00f3n de sus servicios m\u00e9dicos dentro de pocos d\u00edas. Al efectuar una gira en dicho hospital que fue blanco de un atentado terrorista el 23 del pasado mes de mayo, el titular de salud confirm\u00f3 que el &hellip;<\/p>\n","protected":false},"author":24,"featured_media":44629,"comment_status":"closed","ping_status":"closed","sticky":false,"template":"","format":"standard","meta":{"footnotes":""},"categories":[477,476,7541],"tags":[],"class_list":["post-44602","post","type-post","status-publish","format-standard","has-post-thumbnail","","category-noticias-edulcorantes","category-locales","category-ultimas-noticias"],"_links":{"self":[{"href":"https:\/\/archive.sana.sy\/es\/index.php?rest_route=\/wp\/v2\/posts\/44602"}],"collection":[{"href":"https:\/\/archive.sana.sy\/es\/index.php?rest_route=\/wp\/v2\/posts"}],"about":[{"href":"https:\/\/archive.sana.sy\/es\/index.php?rest_route=\/wp\/v2\/types\/post"}],"author":[{"embeddable":true,"href":"https:\/\/archive.sana.sy\/es\/index.php?rest_route=\/wp\/v2\/users\/24"}],"replies":[{"embeddable":true,"href":"https:\/\/archive.sana.sy\/es\/index.php?rest_route=%2Fwp%2Fv2%2Fcomments&post=44602"}],"version-history":[{"count":0,"href":"https:\/\/archive.sana.sy\/es\/index.php?rest_route=\/wp\/v2\/posts\/44602\/revisions"}],"wp:featuredmedia":[{"embeddable":true,"href":"https:\/\/archive.sana.sy\/es\/index.php?rest_route=\/wp\/v2\/media\/44629"}],"wp:attachment":[{"href":"https:\/\/archive.sana.sy\/es\/index.php?rest_route=%2Fwp%2Fv2%2Fmedia&parent=44602"}],"wp:term":[{"taxonomy":"category","embeddable":true,"href":"https:\/\/archive.sana.sy\/es\/index.php?rest_route=%2Fwp%2Fv2%2Fcategories&post=44602"},{"taxonomy":"post_tag","embeddable":true,"href":"https:\/\/archive.sana.sy\/es\/index.php?rest_route=%2Fwp%2Fv2%2Ftags&post=44602"}],"curies":[{"name":"wp","href":"https:\/\/api.w.org\/{rel}","templated":true}]}}