{"id":44604,"date":"2016-06-02T18:08:11","date_gmt":"2016-06-02T15:08:11","guid":{"rendered":"http:\/\/www.sana.sy\/es\/?p=44604"},"modified":"2016-06-03T14:30:44","modified_gmt":"2016-06-03T11:30:44","slug":"dos-victimas-mortales-y-cuatro-heridos-en-un-atentado-terrorista-su-contra-ciudad-costera-de-latakia","status":"publish","type":"post","link":"https:\/\/archive.sana.sy\/es\/?p=44604","title":{"rendered":"Dos v\u00edctimas mortales y cuatro heridos en un atentado terrorista su contra ciudad costera de Latakia"},"content":{"rendered":"<p><span style=\"color: #800000\">Latakia, SANA<\/span><\/p>\n<p style=\"text-align: justify\">Dos personas perdieron la vida y otras cuatro resultaron heridas en un atentado terrorista que se produjo\u00a0este jueves la ciudad costera de Latakia.<\/p>\n<p style=\"text-align: justify\">Una fuente policial inform\u00f3 que un terrorista que conduc\u00eda una motocicleta se inmol\u00f3 cerca de la mezquita de al-Julafaa al-Rashidin ubicado en el barrio de al-Daatur en la ciudad de Latakia.<\/p>\n<p style=\"text-align: justify\">El atentado suicida dej\u00f3 dos muertos y cuatro heridos, seg\u00fan la misma fuente.<\/p>\n<p style=\"text-align: justify\">\n<p style=\"text-align: justify\">Lynn A.<\/p>\n","protected":false},"excerpt":{"rendered":"<p>Latakia, SANA Dos personas perdieron la vida y otras cuatro resultaron heridas en un atentado terrorista que se produjo\u00a0este jueves la ciudad costera de Latakia. Una fuente policial inform\u00f3 que un terrorista que conduc\u00eda una motocicleta se inmol\u00f3 cerca de la mezquita de al-Julafaa al-Rashidin ubicado en el barrio de al-Daatur en la ciudad de &hellip;<\/p>\n","protected":false},"author":24,"featured_media":44605,"comment_status":"closed","ping_status":"closed","sticky":false,"template":"","format":"standard","meta":{"footnotes":""},"categories":[597,573,583,7541],"tags":[],"class_list":["post-44604","post","type-post","status-publish","format-standard","has-post-thumbnail","","category-cinta-de-noticias","category-la-realidad-de-los-acontecimientos-en-siria","category-slide","category-ultimas-noticias"],"_links":{"self":[{"href":"https:\/\/archive.sana.sy\/es\/index.php?rest_route=\/wp\/v2\/posts\/44604"}],"collection":[{"href":"https:\/\/archive.sana.sy\/es\/index.php?rest_route=\/wp\/v2\/posts"}],"about":[{"href":"https:\/\/archive.sana.sy\/es\/index.php?rest_route=\/wp\/v2\/types\/post"}],"author":[{"embeddable":true,"href":"https:\/\/archive.sana.sy\/es\/index.php?rest_route=\/wp\/v2\/users\/24"}],"replies":[{"embeddable":true,"href":"https:\/\/archive.sana.sy\/es\/index.php?rest_route=%2Fwp%2Fv2%2Fcomments&post=44604"}],"version-history":[{"count":0,"href":"https:\/\/archive.sana.sy\/es\/index.php?rest_route=\/wp\/v2\/posts\/44604\/revisions"}],"wp:featuredmedia":[{"embeddable":true,"href":"https:\/\/archive.sana.sy\/es\/index.php?rest_route=\/wp\/v2\/media\/44605"}],"wp:attachment":[{"href":"https:\/\/archive.sana.sy\/es\/index.php?rest_route=%2Fwp%2Fv2%2Fmedia&parent=44604"}],"wp:term":[{"taxonomy":"category","embeddable":true,"href":"https:\/\/archive.sana.sy\/es\/index.php?rest_route=%2Fwp%2Fv2%2Fcategories&post=44604"},{"taxonomy":"post_tag","embeddable":true,"href":"https:\/\/archive.sana.sy\/es\/index.php?rest_route=%2Fwp%2Fv2%2Ftags&post=44604"}],"curies":[{"name":"wp","href":"https:\/\/api.w.org\/{rel}","templated":true}]}}