{"id":44620,"date":"2016-06-02T20:06:00","date_gmt":"2016-06-02T17:06:00","guid":{"rendered":"http:\/\/www.sana.sy\/es\/?p=44620"},"modified":"2016-06-03T14:32:36","modified_gmt":"2016-06-03T11:32:36","slug":"zajarova-reitera-llamados-de-rusia-para-cerrar-la-frontera-sirio-turca-para-frenar-flujo-de-terroristas","status":"publish","type":"post","link":"https:\/\/archive.sana.sy\/es\/?p=44620","title":{"rendered":"Rusia reitera llamados para cerrar la frontera sirio-turca para frenar flujo de terroristas"},"content":{"rendered":"<p><span style=\"color: #800000\">Mosc\u00fa, SANA<\/span><\/p>\n<p style=\"text-align: justify\">La portavoz de la Canciller\u00eda rusa, Mar\u00eda Zaj\u00e1rova reiter\u00f3 llamados de su pa\u00eds para cerrar la frontera sirio-turca a fin de frenar el flujo de los terroristas, extremistas y las armas al territorio sirio.<\/p>\n<p style=\"text-align: justify\">Durante su rueda de prensa semanal, Zaj\u00e1rova critic\u00f3 que agrupaciones extremistas patrocinadas por Turqu\u00eda son las principales fuerzas que violan la tregua en Siria.<\/p>\n<p style=\"text-align: justify\">Asimismo inst\u00f3 a una mayor cooperaci\u00f3n internacional en la lucha contra las organizaciones terroristas en Siria, incluyendo el Frente de al-Nusra, resaltando que \u201cya no hay m\u00e1s tiempo u oportunidad para describir a militantes como oposici\u00f3n moderada\u201d.<\/p>\n<p style=\"text-align: justify\">La separaci\u00f3n entre los terroristas y los armados de la oposici\u00f3n es un tema que provoca Rusia continuadamente con EEUU, dijo, poniendo de relieve que la resoluci\u00f3n de esta problem\u00e1tica se considera la clave de pasos hacia adelante.<\/p>\n<p style=\"text-align: justify\">En otro contexto, se\u00f1al\u00f3 que lo publicado recientemente sobre supuestos ataques a\u00e9reos rusos contra zonas residenciales en la provincia de Idleb son meros intentos para proteger a los terroristas del Frente de al-Nusra de la derrota.<\/p>\n<p>&nbsp;<\/p>\n<p>Lynn A.<\/p>\n","protected":false},"excerpt":{"rendered":"<p>Mosc\u00fa, SANA La portavoz de la Canciller\u00eda rusa, Mar\u00eda Zaj\u00e1rova reiter\u00f3 llamados de su pa\u00eds para cerrar la frontera sirio-turca a fin de frenar el flujo de los terroristas, extremistas y las armas al territorio sirio. Durante su rueda de prensa semanal, Zaj\u00e1rova critic\u00f3 que agrupaciones extremistas patrocinadas por Turqu\u00eda son las principales fuerzas que &hellip;<\/p>\n","protected":false},"author":24,"featured_media":33168,"comment_status":"closed","ping_status":"closed","sticky":false,"template":"","format":"standard","meta":{"footnotes":""},"categories":[467,7541],"tags":[],"class_list":["post-44620","post","type-post","status-publish","format-standard","has-post-thumbnail","","category-siria-y-el-mundo","category-ultimas-noticias"],"_links":{"self":[{"href":"https:\/\/archive.sana.sy\/es\/index.php?rest_route=\/wp\/v2\/posts\/44620"}],"collection":[{"href":"https:\/\/archive.sana.sy\/es\/index.php?rest_route=\/wp\/v2\/posts"}],"about":[{"href":"https:\/\/archive.sana.sy\/es\/index.php?rest_route=\/wp\/v2\/types\/post"}],"author":[{"embeddable":true,"href":"https:\/\/archive.sana.sy\/es\/index.php?rest_route=\/wp\/v2\/users\/24"}],"replies":[{"embeddable":true,"href":"https:\/\/archive.sana.sy\/es\/index.php?rest_route=%2Fwp%2Fv2%2Fcomments&post=44620"}],"version-history":[{"count":0,"href":"https:\/\/archive.sana.sy\/es\/index.php?rest_route=\/wp\/v2\/posts\/44620\/revisions"}],"wp:featuredmedia":[{"embeddable":true,"href":"https:\/\/archive.sana.sy\/es\/index.php?rest_route=\/wp\/v2\/media\/33168"}],"wp:attachment":[{"href":"https:\/\/archive.sana.sy\/es\/index.php?rest_route=%2Fwp%2Fv2%2Fmedia&parent=44620"}],"wp:term":[{"taxonomy":"category","embeddable":true,"href":"https:\/\/archive.sana.sy\/es\/index.php?rest_route=%2Fwp%2Fv2%2Fcategories&post=44620"},{"taxonomy":"post_tag","embeddable":true,"href":"https:\/\/archive.sana.sy\/es\/index.php?rest_route=%2Fwp%2Fv2%2Ftags&post=44620"}],"curies":[{"name":"wp","href":"https:\/\/api.w.org\/{rel}","templated":true}]}}