{"id":44636,"date":"2016-06-03T14:11:31","date_gmt":"2016-06-03T11:11:31","guid":{"rendered":"http:\/\/www.sana.sy\/es\/?p=44636"},"modified":"2016-06-03T14:11:31","modified_gmt":"2016-06-03T11:11:31","slug":"explosion-por-artefacto-deja-7-soldados-turcos-heridos","status":"publish","type":"post","link":"https:\/\/archive.sana.sy\/es\/?p=44636","title":{"rendered":"Explosi\u00f3n por artefacto deja 7 soldados turcos heridos"},"content":{"rendered":"<p style=\"text-align: justify\"><span style=\"color: #800000\">Ankara, SANA<\/span>&#8211; Siete soldados turcos resultaron heridos hoy por la detonaci\u00f3n de un artefacto en la ciudad de Diyarbakir, en el sureste de Turqu\u00eda.<\/p>\n<p style=\"text-align: justify\">Medios de comunicaci\u00f3n turcos informaron que &#8220;un artefacto explosivo colocado en una carretera explot\u00f3 al paso de un veh\u00edculo militar en la ciudad de Diyarbakir, hiriendo a siete soldados heridos que estaban a bordo.&#8221;<\/p>\n<p style=\"text-align: justify\">Anteriormente, 12 agentes de seguridad turcos heridos por la explosi\u00f3n de un artefacto en la ciudad de Nusaybin al sureste de Turqu\u00eda.<\/p>\n<p style=\"text-align: justify\">Cabe se\u00f1alar que Turqu\u00eda vive una situaci\u00f3n de inestabilidad debido a la campa\u00f1a militar llevada a cabo por el r\u00e9gimen turco contra las provincias del sureste y a las operaciones represivas llevadas a cabo contra los ciudadanos turcos y contra los medios de comunicaci\u00f3n opositores a las pol\u00edticas turcos que apoyan al terrorismo en la regi\u00f3n, especialmente en Siria.<\/p>\n<p>M.Miri<\/p>\n","protected":false},"excerpt":{"rendered":"<p>Ankara, SANA&#8211; Siete soldados turcos resultaron heridos hoy por la detonaci\u00f3n de un artefacto en la ciudad de Diyarbakir, en el sureste de Turqu\u00eda. Medios de comunicaci\u00f3n turcos informaron que &#8220;un artefacto explosivo colocado en una carretera explot\u00f3 al paso de un veh\u00edculo militar en la ciudad de Diyarbakir, hiriendo a siete soldados heridos que &hellip;<\/p>\n","protected":false},"author":1,"featured_media":44637,"comment_status":"closed","ping_status":"closed","sticky":false,"template":"","format":"standard","meta":{"footnotes":""},"categories":[456,457,7541],"tags":[7512],"class_list":["post-44636","post","type-post","status-publish","format-standard","has-post-thumbnail","","category-arabe-internacional-politica","category-noticias-arabe-internacional-politica","category-ultimas-noticias","tag-turquia"],"_links":{"self":[{"href":"https:\/\/archive.sana.sy\/es\/index.php?rest_route=\/wp\/v2\/posts\/44636"}],"collection":[{"href":"https:\/\/archive.sana.sy\/es\/index.php?rest_route=\/wp\/v2\/posts"}],"about":[{"href":"https:\/\/archive.sana.sy\/es\/index.php?rest_route=\/wp\/v2\/types\/post"}],"author":[{"embeddable":true,"href":"https:\/\/archive.sana.sy\/es\/index.php?rest_route=\/wp\/v2\/users\/1"}],"replies":[{"embeddable":true,"href":"https:\/\/archive.sana.sy\/es\/index.php?rest_route=%2Fwp%2Fv2%2Fcomments&post=44636"}],"version-history":[{"count":0,"href":"https:\/\/archive.sana.sy\/es\/index.php?rest_route=\/wp\/v2\/posts\/44636\/revisions"}],"wp:featuredmedia":[{"embeddable":true,"href":"https:\/\/archive.sana.sy\/es\/index.php?rest_route=\/wp\/v2\/media\/44637"}],"wp:attachment":[{"href":"https:\/\/archive.sana.sy\/es\/index.php?rest_route=%2Fwp%2Fv2%2Fmedia&parent=44636"}],"wp:term":[{"taxonomy":"category","embeddable":true,"href":"https:\/\/archive.sana.sy\/es\/index.php?rest_route=%2Fwp%2Fv2%2Fcategories&post=44636"},{"taxonomy":"post_tag","embeddable":true,"href":"https:\/\/archive.sana.sy\/es\/index.php?rest_route=%2Fwp%2Fv2%2Ftags&post=44636"}],"curies":[{"name":"wp","href":"https:\/\/api.w.org\/{rel}","templated":true}]}}