{"id":44639,"date":"2016-06-03T14:27:00","date_gmt":"2016-06-03T11:27:00","guid":{"rendered":"http:\/\/www.sana.sy\/es\/?p=44639"},"modified":"2016-06-03T14:27:00","modified_gmt":"2016-06-03T11:27:00","slug":"la-coalicion-de-arabia-saudita-esta-en-la-lista-negra-de-la-onu-por-matar-a-ninos-y-civiles-yemenies","status":"publish","type":"post","link":"https:\/\/archive.sana.sy\/es\/?p=44639","title":{"rendered":"La coalici\u00f3n de Arabia Saudita est\u00e1 en la lista negra de la ONU por matar a ni\u00f1os y civiles yemen\u00edes"},"content":{"rendered":"<p style=\"text-align: justify\"><span style=\"color: #800000\">Nueva York, SANA<\/span>&#8211; La Organizaci\u00f3n Internacional de las Naciones Unidas (ONU) ha a\u00f1adido a su lista negra la coalici\u00f3n liderada por Arabia Saudita y sus aliados contra ciudadanos y ni\u00f1os yemen\u00edes.<\/p>\n<p style=\"text-align: justify\">El secretario general de la ONU, Ban Ki-moon, a trav\u00e9s de un informe dijo que, &#8220;En Yemen, debido al gran n\u00famero de violaciones de los derechos humanos atribuidas a las fuerzas yemen\u00edes y al r\u00e9gimen de Arabia Saud\u00ed y sus aliados han sido incluidos en la lista negra,&#8221; seg\u00fan Reuters.<\/p>\n<p style=\"text-align: justify\">La ONU responsabiliza al r\u00e9gimen saud\u00ed y a sus aliados del 60 por ciento de las muertes y lesiones causadas a ni\u00f1os en esta guerra durante el \u00faltimo a\u00f1o (510 casos de muertes y 667 de lesiones), as\u00ed como de la mitad de los ataques a centros educativos y sanitarios.<\/p>\n<p style=\"text-align: justify\">El alto responsable de la ONU a\u00f1ade que las graves violaciones de los derechos humanos contra ni\u00f1os han aumentado dram\u00e1ticamente como consecuencia de la escalada del conflicto.<\/p>\n<p style=\"text-align: justify\">El informe de la ONU pone en lista negra a grupos que participan en el reclutamiento de ni\u00f1os, violan sexualmente a ni\u00f1os o realizan ataques contra escuelas y hospitales.<\/p>\n<p>M.Miri<\/p>\n","protected":false},"excerpt":{"rendered":"<p>Nueva York, SANA&#8211; La Organizaci\u00f3n Internacional de las Naciones Unidas (ONU) ha a\u00f1adido a su lista negra la coalici\u00f3n liderada por Arabia Saudita y sus aliados contra ciudadanos y ni\u00f1os yemen\u00edes. El secretario general de la ONU, Ban Ki-moon, a trav\u00e9s de un informe dijo que, &#8220;En Yemen, debido al gran n\u00famero de violaciones de &hellip;<\/p>\n","protected":false},"author":1,"featured_media":44640,"comment_status":"closed","ping_status":"closed","sticky":false,"template":"","format":"standard","meta":{"footnotes":""},"categories":[456,457,7541],"tags":[6304],"class_list":["post-44639","post","type-post","status-publish","format-standard","has-post-thumbnail","","category-arabe-internacional-politica","category-noticias-arabe-internacional-politica","category-ultimas-noticias","tag-yemen"],"_links":{"self":[{"href":"https:\/\/archive.sana.sy\/es\/index.php?rest_route=\/wp\/v2\/posts\/44639"}],"collection":[{"href":"https:\/\/archive.sana.sy\/es\/index.php?rest_route=\/wp\/v2\/posts"}],"about":[{"href":"https:\/\/archive.sana.sy\/es\/index.php?rest_route=\/wp\/v2\/types\/post"}],"author":[{"embeddable":true,"href":"https:\/\/archive.sana.sy\/es\/index.php?rest_route=\/wp\/v2\/users\/1"}],"replies":[{"embeddable":true,"href":"https:\/\/archive.sana.sy\/es\/index.php?rest_route=%2Fwp%2Fv2%2Fcomments&post=44639"}],"version-history":[{"count":0,"href":"https:\/\/archive.sana.sy\/es\/index.php?rest_route=\/wp\/v2\/posts\/44639\/revisions"}],"wp:featuredmedia":[{"embeddable":true,"href":"https:\/\/archive.sana.sy\/es\/index.php?rest_route=\/wp\/v2\/media\/44640"}],"wp:attachment":[{"href":"https:\/\/archive.sana.sy\/es\/index.php?rest_route=%2Fwp%2Fv2%2Fmedia&parent=44639"}],"wp:term":[{"taxonomy":"category","embeddable":true,"href":"https:\/\/archive.sana.sy\/es\/index.php?rest_route=%2Fwp%2Fv2%2Fcategories&post=44639"},{"taxonomy":"post_tag","embeddable":true,"href":"https:\/\/archive.sana.sy\/es\/index.php?rest_route=%2Fwp%2Fv2%2Ftags&post=44639"}],"curies":[{"name":"wp","href":"https:\/\/api.w.org\/{rel}","templated":true}]}}