{"id":44722,"date":"2016-06-04T17:38:08","date_gmt":"2016-06-04T14:38:08","guid":{"rendered":"http:\/\/www.sana.sy\/es\/?p=44722"},"modified":"2016-06-04T17:38:08","modified_gmt":"2016-06-04T14:38:08","slug":"ministro-de-informacion-reitera-apoyo-de-siria-a-la-causa-palestina","status":"publish","type":"post","link":"https:\/\/archive.sana.sy\/es\/?p=44722","title":{"rendered":"Ministro de Informaci\u00f3n reitera apoyo de Siria a la causa palestina"},"content":{"rendered":"<p><span style=\"color: #800000\">Damasco, SANA<\/span><\/p>\n<p>El ministro de Informaci\u00f3n, Omran al-Zoabi reiter\u00f3 la postura de Siria en apoyo al pueblo palestino frente al ocupante israel\u00ed y la pol\u00edtica de judaizaci\u00f3n que se aplica respecto a la mezquita de al-Aqsa.<\/p>\n<p>Durante una reuni\u00f3n sostenida este s\u00e1bado con el embajador, Anwar Abdulhadi, director del Departamento pol\u00edtico de la Organizaci\u00f3n para la Liberaci\u00f3n de Palestina (OLP), el ministro al-Zoabi sostuvo que Palestina ha sido y seguir\u00e1 siendo \u201cla br\u00fajula\u201d que orienta la pol\u00edtica de Siria, pese al terrorismo que est\u00e1 sufriendo, aludiendo que el aferramiento de Siria a la causa palestina, es una de las razones detr\u00e1s de la guerra librada en su contra.<\/p>\n<p>A su vez, el embajador Abdulhadi hizo un panorama sobre\u00a0las pr\u00e1cticas inhumanas del ocupante israel\u00ed contra el pueblo palestino y la continuaci\u00f3n de su pol\u00edtica de colonizaci\u00f3n que constituyen una flagrante violaci\u00f3n del derecho internacional.<\/p>\n<p>Asimismo abord\u00f3 el asunto de los campos palestinos en Siria, especialmente el campamento de Yarmuk, donde se despliegan terroristas del Frente de al-Nousra y el Estado Isl\u00e1mico, reiterando el posicionamiento del liderazgo palestino que rechaza la injerencia en los asuntos internos de los pa\u00edses y llama a respetar su soberan\u00eda.<\/p>\n<p>En cuanto a la crisis siria, el alto diplom\u00e1tico palestino subray\u00f3 que la soluci\u00f3n pol\u00edtica y el di\u00e1logo guiado por los propios sirios es la \u00fanica v\u00eda para poner fin a la crisis en Siria y preservar su integridad territorial.<\/p>\n<p>&nbsp;<br \/>\nLynn A.<\/p>\n","protected":false},"excerpt":{"rendered":"<p>Damasco, SANA El ministro de Informaci\u00f3n, Omran al-Zoabi reiter\u00f3 la postura de Siria en apoyo al pueblo palestino frente al ocupante israel\u00ed y la pol\u00edtica de judaizaci\u00f3n que se aplica respecto a la mezquita de al-Aqsa. Durante una reuni\u00f3n sostenida este s\u00e1bado con el embajador, Anwar Abdulhadi, director del Departamento pol\u00edtico de la Organizaci\u00f3n para &hellip;<\/p>\n","protected":false},"author":24,"featured_media":40046,"comment_status":"closed","ping_status":"closed","sticky":false,"template":"","format":"standard","meta":{"footnotes":""},"categories":[477,597,476,7541],"tags":[],"class_list":["post-44722","post","type-post","status-publish","format-standard","has-post-thumbnail","","category-noticias-edulcorantes","category-cinta-de-noticias","category-locales","category-ultimas-noticias"],"_links":{"self":[{"href":"https:\/\/archive.sana.sy\/es\/index.php?rest_route=\/wp\/v2\/posts\/44722"}],"collection":[{"href":"https:\/\/archive.sana.sy\/es\/index.php?rest_route=\/wp\/v2\/posts"}],"about":[{"href":"https:\/\/archive.sana.sy\/es\/index.php?rest_route=\/wp\/v2\/types\/post"}],"author":[{"embeddable":true,"href":"https:\/\/archive.sana.sy\/es\/index.php?rest_route=\/wp\/v2\/users\/24"}],"replies":[{"embeddable":true,"href":"https:\/\/archive.sana.sy\/es\/index.php?rest_route=%2Fwp%2Fv2%2Fcomments&post=44722"}],"version-history":[{"count":0,"href":"https:\/\/archive.sana.sy\/es\/index.php?rest_route=\/wp\/v2\/posts\/44722\/revisions"}],"wp:featuredmedia":[{"embeddable":true,"href":"https:\/\/archive.sana.sy\/es\/index.php?rest_route=\/wp\/v2\/media\/40046"}],"wp:attachment":[{"href":"https:\/\/archive.sana.sy\/es\/index.php?rest_route=%2Fwp%2Fv2%2Fmedia&parent=44722"}],"wp:term":[{"taxonomy":"category","embeddable":true,"href":"https:\/\/archive.sana.sy\/es\/index.php?rest_route=%2Fwp%2Fv2%2Fcategories&post=44722"},{"taxonomy":"post_tag","embeddable":true,"href":"https:\/\/archive.sana.sy\/es\/index.php?rest_route=%2Fwp%2Fv2%2Ftags&post=44722"}],"curies":[{"name":"wp","href":"https:\/\/api.w.org\/{rel}","templated":true}]}}