{"id":44736,"date":"2016-06-05T14:00:28","date_gmt":"2016-06-05T11:00:28","guid":{"rendered":"http:\/\/www.sana.sy\/es\/?p=44736"},"modified":"2016-06-05T14:00:28","modified_gmt":"2016-06-05T11:00:28","slug":"asamblea-del-pueblo-celebra-manana-su-primera-sesion-del-ii-periodo-legislativo","status":"publish","type":"post","link":"https:\/\/archive.sana.sy\/es\/?p=44736","title":{"rendered":"Asamblea del Pueblo celebra ma\u00f1ana su primera sesi\u00f3n del II Per\u00edodo Legislativo"},"content":{"rendered":"<p><span style=\"color: #800000\">Damasco, SANA<\/span><\/p>\n<p>La Asamblea del Pueblo celebra ma\u00f1ana lunes a las 12:00 a.m. su primera sesi\u00f3n del primer ciclo ordinario del II Per\u00edodo Legislativo.<\/p>\n<p>Cabe recordar que el presidente Bashar al-Assad emiti\u00f3 el 24 de mayo \u00faltimo el decreto No. 146-2016 que convoca a la Asamblea del Pueblo a reunirse el lunes 06-06-2016.<\/p>\n<p>Es de se\u00f1alar que la \u00faltima sesi\u00f3n del I Periodo Legislativo se celebr\u00f3 el 31 de marzo del a\u00f1o en curso.<\/p>\n<p>Riyad Sh., Lynn A.<\/p>\n","protected":false},"excerpt":{"rendered":"<p>Damasco, SANA La Asamblea del Pueblo celebra ma\u00f1ana lunes a las 12:00 a.m. su primera sesi\u00f3n del primer ciclo ordinario del II Per\u00edodo Legislativo. Cabe recordar que el presidente Bashar al-Assad emiti\u00f3 el 24 de mayo \u00faltimo el decreto No. 146-2016 que convoca a la Asamblea del Pueblo a reunirse el lunes 06-06-2016. Es de &hellip;<\/p>\n","protected":false},"author":24,"featured_media":39064,"comment_status":"closed","ping_status":"closed","sticky":false,"template":"","format":"standard","meta":{"footnotes":""},"categories":[477,597,476,7541],"tags":[],"class_list":["post-44736","post","type-post","status-publish","format-standard","has-post-thumbnail","","category-noticias-edulcorantes","category-cinta-de-noticias","category-locales","category-ultimas-noticias"],"_links":{"self":[{"href":"https:\/\/archive.sana.sy\/es\/index.php?rest_route=\/wp\/v2\/posts\/44736"}],"collection":[{"href":"https:\/\/archive.sana.sy\/es\/index.php?rest_route=\/wp\/v2\/posts"}],"about":[{"href":"https:\/\/archive.sana.sy\/es\/index.php?rest_route=\/wp\/v2\/types\/post"}],"author":[{"embeddable":true,"href":"https:\/\/archive.sana.sy\/es\/index.php?rest_route=\/wp\/v2\/users\/24"}],"replies":[{"embeddable":true,"href":"https:\/\/archive.sana.sy\/es\/index.php?rest_route=%2Fwp%2Fv2%2Fcomments&post=44736"}],"version-history":[{"count":0,"href":"https:\/\/archive.sana.sy\/es\/index.php?rest_route=\/wp\/v2\/posts\/44736\/revisions"}],"wp:featuredmedia":[{"embeddable":true,"href":"https:\/\/archive.sana.sy\/es\/index.php?rest_route=\/wp\/v2\/media\/39064"}],"wp:attachment":[{"href":"https:\/\/archive.sana.sy\/es\/index.php?rest_route=%2Fwp%2Fv2%2Fmedia&parent=44736"}],"wp:term":[{"taxonomy":"category","embeddable":true,"href":"https:\/\/archive.sana.sy\/es\/index.php?rest_route=%2Fwp%2Fv2%2Fcategories&post=44736"},{"taxonomy":"post_tag","embeddable":true,"href":"https:\/\/archive.sana.sy\/es\/index.php?rest_route=%2Fwp%2Fv2%2Ftags&post=44736"}],"curies":[{"name":"wp","href":"https:\/\/api.w.org\/{rel}","templated":true}]}}