{"id":44738,"date":"2016-06-05T14:03:42","date_gmt":"2016-06-05T11:03:42","guid":{"rendered":"http:\/\/www.sana.sy\/es\/?p=44738"},"modified":"2016-06-05T14:03:42","modified_gmt":"2016-06-05T11:03:42","slug":"colonos-israelies-irrumpen-en-la-mezquita-al-aqsa-y-la-ocupacion-detiene-a-11-palestinos-en-cisjordania","status":"publish","type":"post","link":"https:\/\/archive.sana.sy\/es\/?p=44738","title":{"rendered":"Colonos israel\u00edes irrumpen en la Mezquita Al-Aqsa y la ocupaci\u00f3n detiene a 11 palestinos en Cisjordania"},"content":{"rendered":"<p><span style=\"color: #800000\">Jerusal\u00e9n ocupada, SANA<\/span><\/p>\n<p>Colonos israel\u00edes irrumpieron en la bendita Mequita de Al-Aqsa bajo una fuerte custodia por parte de las tropas de ocupaci\u00f3n israel\u00edes.<\/p>\n<p>La agencia de noticias palestina (Wafa) report\u00f3 que un estado de tensi\u00f3n reina en el casco viejo de la ciudad ocupada de Jerusal\u00e9n, por efecto del flujo de colonos hacia la plaza del Muro Buraq para realizar provocaciones en la vecina Plaza de Amud, y se\u00f1al\u00f3 que las tropas de ocupaci\u00f3n reforzaron su despliegue en la ciudad santa por medio de patrullas m\u00f3viles en la vieja ciudad y en las calles colindantes con la hist\u00f3rica muralla.<\/p>\n<p>Entre tanto j\u00f3venes de la ciudad vieja controlaron el incendio provocado por colonos en una tienda comercial perteneciente a un palestino maqdisi \u201cjerosolimitano\u201d.<\/p>\n<p>En medio de estas tensiones, bandas de colonos israel\u00edes \u2013bajo la protecci\u00f3n de las tropas de ocupaci\u00f3n- contin\u00faan sus irrupciones provocativas en la Explanada de las Mezquitas en el marco de un plan de judaizaci\u00f3n de los santuarios isl\u00e1micos.<\/p>\n<p>En el mismo contexto, el ej\u00e9rcito de ocupaci\u00f3n irrumpi\u00f3 en la madrugada de hoy domingo en varias zonas de Cisjordania y Jerusal\u00e9n ocupada donde efectu\u00f3 una campa\u00f1a de arrestos contra palestinos.<\/p>\n<p>Por otro lado y en marco de sus agresiones continuas contra la Franja de Gaza, la marina de la ocupaci\u00f3n israel\u00ed atac\u00f3 con ametralladoras pesadas embarcaciones pesqueras de los palestinos frente a las costas de la ciudad de Gaza.<\/p>\n<p>Fuentes palestinas informaron que dos embarcaciones sufrieron da\u00f1os y los pescadores tuvieron que volver a los muelles por temor a los balazos letales de la ocupaci\u00f3n.<\/p>\n<p>&nbsp;<\/p>\n<p>&nbsp;<\/p>\n<p>Riyad Sh., Lynn A.<\/p>\n","protected":false},"excerpt":{"rendered":"<p>Jerusal\u00e9n ocupada, SANA Colonos israel\u00edes irrumpieron en la bendita Mequita de Al-Aqsa bajo una fuerte custodia por parte de las tropas de ocupaci\u00f3n israel\u00edes. La agencia de noticias palestina (Wafa) report\u00f3 que un estado de tensi\u00f3n reina en el casco viejo de la ciudad ocupada de Jerusal\u00e9n, por efecto del flujo de colonos hacia la &hellip;<\/p>\n","protected":false},"author":24,"featured_media":44739,"comment_status":"closed","ping_status":"closed","sticky":false,"template":"","format":"standard","meta":{"footnotes":""},"categories":[456,457],"tags":[],"class_list":["post-44738","post","type-post","status-publish","format-standard","has-post-thumbnail","","category-arabe-internacional-politica","category-noticias-arabe-internacional-politica"],"_links":{"self":[{"href":"https:\/\/archive.sana.sy\/es\/index.php?rest_route=\/wp\/v2\/posts\/44738"}],"collection":[{"href":"https:\/\/archive.sana.sy\/es\/index.php?rest_route=\/wp\/v2\/posts"}],"about":[{"href":"https:\/\/archive.sana.sy\/es\/index.php?rest_route=\/wp\/v2\/types\/post"}],"author":[{"embeddable":true,"href":"https:\/\/archive.sana.sy\/es\/index.php?rest_route=\/wp\/v2\/users\/24"}],"replies":[{"embeddable":true,"href":"https:\/\/archive.sana.sy\/es\/index.php?rest_route=%2Fwp%2Fv2%2Fcomments&post=44738"}],"version-history":[{"count":0,"href":"https:\/\/archive.sana.sy\/es\/index.php?rest_route=\/wp\/v2\/posts\/44738\/revisions"}],"wp:featuredmedia":[{"embeddable":true,"href":"https:\/\/archive.sana.sy\/es\/index.php?rest_route=\/wp\/v2\/media\/44739"}],"wp:attachment":[{"href":"https:\/\/archive.sana.sy\/es\/index.php?rest_route=%2Fwp%2Fv2%2Fmedia&parent=44738"}],"wp:term":[{"taxonomy":"category","embeddable":true,"href":"https:\/\/archive.sana.sy\/es\/index.php?rest_route=%2Fwp%2Fv2%2Fcategories&post=44738"},{"taxonomy":"post_tag","embeddable":true,"href":"https:\/\/archive.sana.sy\/es\/index.php?rest_route=%2Fwp%2Fv2%2Ftags&post=44738"}],"curies":[{"name":"wp","href":"https:\/\/api.w.org\/{rel}","templated":true}]}}