{"id":44772,"date":"2016-06-05T14:04:58","date_gmt":"2016-06-05T11:04:58","guid":{"rendered":"http:\/\/www.sana.sy\/es\/?p=44772"},"modified":"2016-06-05T17:05:28","modified_gmt":"2016-06-05T14:05:28","slug":"ninos-de-al-nabek-se-solidarizan-con-los-ninos-victimas-de-los-atentados-terroristas-en-tarus-e-yableh","status":"publish","type":"post","link":"https:\/\/archive.sana.sy\/es\/?p=44772","title":{"rendered":"Ni\u00f1os de al-Nabek se solidarizan con los ni\u00f1os v\u00edctimas de los atentados terroristas en Tarus e Yableh"},"content":{"rendered":"<p><span style=\"color: #800000\">Damaco-campo, SANA<\/span><\/p>\n<p>M\u00e1s de 300 ni\u00f1os de la ciudad de al-Nabek situada en Damasco-campo dirigieron mensajes de solidaridad con los ni\u00f1os v\u00edctimas de los atentados terroristas que azotaron recientemente las ciudades costeras de Tartus e Yableh a trav\u00e9s de una iniciativa organizada por la asociaci\u00f3n \u201cBassmet Shabab Suria\u201d.<\/p>\n<p>El jefe de dicha asociaci\u00f3n explic\u00f3 que este mensaje se trata de una pancarta grande (incluye dibujos y expresiones de solidaridad) el cual se colocar\u00e1 en la estaci\u00f3n de autobuses de la ciudad de Yableh, donde se produjo el atentado terrorista.<\/p>\n<p>Lynn A.<\/p>\n","protected":false},"excerpt":{"rendered":"<p>Damaco-campo, SANA M\u00e1s de 300 ni\u00f1os de la ciudad de al-Nabek situada en Damasco-campo dirigieron mensajes de solidaridad con los ni\u00f1os v\u00edctimas de los atentados terroristas que azotaron recientemente las ciudades costeras de Tartus e Yableh a trav\u00e9s de una iniciativa organizada por la asociaci\u00f3n \u201cBassmet Shabab Suria\u201d. El jefe de dicha asociaci\u00f3n explic\u00f3 que &hellip;<\/p>\n","protected":false},"author":24,"featured_media":44773,"comment_status":"closed","ping_status":"closed","sticky":false,"template":"","format":"standard","meta":{"footnotes":""},"categories":[477,476,7541],"tags":[],"class_list":["post-44772","post","type-post","status-publish","format-standard","has-post-thumbnail","","category-noticias-edulcorantes","category-locales","category-ultimas-noticias"],"_links":{"self":[{"href":"https:\/\/archive.sana.sy\/es\/index.php?rest_route=\/wp\/v2\/posts\/44772"}],"collection":[{"href":"https:\/\/archive.sana.sy\/es\/index.php?rest_route=\/wp\/v2\/posts"}],"about":[{"href":"https:\/\/archive.sana.sy\/es\/index.php?rest_route=\/wp\/v2\/types\/post"}],"author":[{"embeddable":true,"href":"https:\/\/archive.sana.sy\/es\/index.php?rest_route=\/wp\/v2\/users\/24"}],"replies":[{"embeddable":true,"href":"https:\/\/archive.sana.sy\/es\/index.php?rest_route=%2Fwp%2Fv2%2Fcomments&post=44772"}],"version-history":[{"count":0,"href":"https:\/\/archive.sana.sy\/es\/index.php?rest_route=\/wp\/v2\/posts\/44772\/revisions"}],"wp:featuredmedia":[{"embeddable":true,"href":"https:\/\/archive.sana.sy\/es\/index.php?rest_route=\/wp\/v2\/media\/44773"}],"wp:attachment":[{"href":"https:\/\/archive.sana.sy\/es\/index.php?rest_route=%2Fwp%2Fv2%2Fmedia&parent=44772"}],"wp:term":[{"taxonomy":"category","embeddable":true,"href":"https:\/\/archive.sana.sy\/es\/index.php?rest_route=%2Fwp%2Fv2%2Fcategories&post=44772"},{"taxonomy":"post_tag","embeddable":true,"href":"https:\/\/archive.sana.sy\/es\/index.php?rest_route=%2Fwp%2Fv2%2Ftags&post=44772"}],"curies":[{"name":"wp","href":"https:\/\/api.w.org\/{rel}","templated":true}]}}