{"id":44874,"date":"2016-06-07T18:14:08","date_gmt":"2016-06-07T15:14:08","guid":{"rendered":"http:\/\/www.sana.sy\/es\/?p=44874"},"modified":"2016-06-07T19:37:11","modified_gmt":"2016-06-07T16:37:11","slug":"al-halqui-la-celebracion-del-segundo-periodo-legislativo-del-parlamento-sirio-evidencia-nuevamente-determinacion-del-pueblo-sirio-a-hacer-cara-al-terrorismo","status":"publish","type":"post","link":"https:\/\/archive.sana.sy\/es\/?p=44874","title":{"rendered":"Al-Halqui: celebraci\u00f3n del segundo Per\u00edodo Legislativo del Parlamento evidencia nuevamente determinaci\u00f3n del pueblo sirio a hacer cara al terrorismo"},"content":{"rendered":"<p><span style=\"color: #800000\">Damasco, SANA<\/span><\/p>\n<p style=\"text-align: justify\">El Consejo de Ministros sostuvo este martes su sesi\u00f3n semanal en la que pas\u00f3 revista a varias cuestiones econ\u00f3micas y de servicio, entre las cuales los resultados de la mejora del tipo de cambio de la libra ante el d\u00f3lar sobre los precios de los productos en los mercados locales, as\u00ed como la situaci\u00f3n del agua potable en varias provincias.<\/p>\n<p style=\"text-align: justify\">Al iniacio de la sesi\u00f3n, el primer ministro felicit\u00f3 a los miembros de la Asamblea del Pueblo siria por la celebraci\u00f3n del primera sesis\u00edon del primer ciclo Ordinario del II Per\u00edodo Legislativo, subrayando que esta misma evidencia nuevamente la vitalidad del pueblo sirio y su determinaci\u00f3n a ejercer su vida democr\u00e1tica, pese al impacto de la guerra terrorista y el injusto bloqueo econ\u00f3mico.<\/p>\n<p style=\"text-align: justify\">Asimismo aludi\u00f3 a la trascendente palabra del presidente Bashar al-Assad ante el Parlamento, en la cual arroj\u00f3 luz sobre un conjunto de cuestiones y retos que enfrentan la patria y el pueblo sirio, y destac\u00f3 la importancia del reforzamiento del papel del poder legislativo y la complementariedad de este \u00faltimo con el poder ejecutivo en aras de reforzar la resistencia del pueblo y el Estado de Siria.<\/p>\n<p style=\"text-align: justify\">En cuanto a la econom\u00eda nacional, el jefe del Ejecutivo hizo una panor\u00e1mica sobre las pol\u00edticas elaboradas por el Consejo Monetario y el Banco Central de Siria para reforzar la estabilidad del valor de la libra siria y hacer cara a la guerra econ\u00f3mica librada contra el pa\u00eds.<\/p>\n<p style=\"text-align: justify\">Al-Halqui destac\u00f3 el papel de las \u00faltimas medidas adoptadas por el Ministerio de Comercio Interior y Protecci\u00f3n del Consumidor contra los comerciantes que manipulan los precios de los productos y los acaparadores, las cuales han contribuido eficazmente en generar una baja real en los precios.<\/p>\n<p>&nbsp;<\/p>\n<p>Lynn A<\/p>\n","protected":false},"excerpt":{"rendered":"<p>Damasco, SANA El Consejo de Ministros sostuvo este martes su sesi\u00f3n semanal en la que pas\u00f3 revista a varias cuestiones econ\u00f3micas y de servicio, entre las cuales los resultados de la mejora del tipo de cambio de la libra ante el d\u00f3lar sobre los precios de los productos en los mercados locales, as\u00ed como la &hellip;<\/p>\n","protected":false},"author":24,"featured_media":26234,"comment_status":"closed","ping_status":"closed","sticky":false,"template":"","format":"standard","meta":{"footnotes":""},"categories":[477,597,476,7541],"tags":[],"class_list":["post-44874","post","type-post","status-publish","format-standard","has-post-thumbnail","","category-noticias-edulcorantes","category-cinta-de-noticias","category-locales","category-ultimas-noticias"],"_links":{"self":[{"href":"https:\/\/archive.sana.sy\/es\/index.php?rest_route=\/wp\/v2\/posts\/44874"}],"collection":[{"href":"https:\/\/archive.sana.sy\/es\/index.php?rest_route=\/wp\/v2\/posts"}],"about":[{"href":"https:\/\/archive.sana.sy\/es\/index.php?rest_route=\/wp\/v2\/types\/post"}],"author":[{"embeddable":true,"href":"https:\/\/archive.sana.sy\/es\/index.php?rest_route=\/wp\/v2\/users\/24"}],"replies":[{"embeddable":true,"href":"https:\/\/archive.sana.sy\/es\/index.php?rest_route=%2Fwp%2Fv2%2Fcomments&post=44874"}],"version-history":[{"count":0,"href":"https:\/\/archive.sana.sy\/es\/index.php?rest_route=\/wp\/v2\/posts\/44874\/revisions"}],"wp:featuredmedia":[{"embeddable":true,"href":"https:\/\/archive.sana.sy\/es\/index.php?rest_route=\/wp\/v2\/media\/26234"}],"wp:attachment":[{"href":"https:\/\/archive.sana.sy\/es\/index.php?rest_route=%2Fwp%2Fv2%2Fmedia&parent=44874"}],"wp:term":[{"taxonomy":"category","embeddable":true,"href":"https:\/\/archive.sana.sy\/es\/index.php?rest_route=%2Fwp%2Fv2%2Fcategories&post=44874"},{"taxonomy":"post_tag","embeddable":true,"href":"https:\/\/archive.sana.sy\/es\/index.php?rest_route=%2Fwp%2Fv2%2Ftags&post=44874"}],"curies":[{"name":"wp","href":"https:\/\/api.w.org\/{rel}","templated":true}]}}