{"id":4498,"date":"2014-07-11T16:56:03","date_gmt":"2014-07-11T13:56:03","guid":{"rendered":"http:\/\/www.sana.sy\/es\/?p=4498"},"modified":"2014-07-11T16:56:39","modified_gmt":"2014-07-11T13:56:39","slug":"irak-abatidos-157-terroristas-en-cuatro-provincias","status":"publish","type":"post","link":"https:\/\/archive.sana.sy\/es\/?p=4498","title":{"rendered":"Irak: abatidos 157 terroristas en cuatro provincias"},"content":{"rendered":"<p style=\"text-align: justify\"><span style=\"color: #800000\"><strong>Bagdad, SANA<\/strong><\/span><\/p>\n<p style=\"text-align: justify\"><strong>Una fuente de seguridad iraqu\u00ed anunci\u00f3 que las fuerzas de seguridad destruyeron 3 veh\u00edculos de los elementos de la organizaci\u00f3n terrorista del llamado \u201cEstado de Irak y el Levante\u201d en Faluyah, Irak, as\u00ed como pudieron confiscar otros 6 veh\u00edculos de la misma Ciudad.<\/strong><\/p>\n<p style=\"text-align: justify\"><strong>El sitio de Red de Media iraqu\u00ed transmiti\u00f3 lo que dijo la fuente: &#8220;El liderazgo de la Primera C\u00e1mara de intervenci\u00f3n r\u00e1pida logr\u00f3 destruir tres coches que llevaban armas individuales y se apoderaron de seis veh\u00edculos en el \u00e1rea de Al-Saklawya en Faluyah&#8221;, se\u00f1alando la continuaci\u00f3n de las fuerzas de seguridad en el proceso de purificar la ciudad de Faluyah y las otras ciudades de los terroristas.<\/strong><\/p>\n<p style=\"text-align: justify\"><strong>Por su parte, el portavoz del Comandante General de las Fuerzas Armadas iraqu\u00edes, Qassim Atta, declar\u00f3 que el ej\u00e9rcito iraqu\u00ed frustr\u00f3 un intento de elementos de la organizaci\u00f3n terrorista mencionada para asaltar el campo Spaiker, cerca de Tikrit, al norte de Irak, se\u00f1alando que 157 terroristas fueron eliminados durante las veinticuatro horas pasadas en cuatro provincias.<\/strong><\/p>\n<p style=\"text-align: justify\"><strong>A su vez, las tribus \u00e1rabes en Al-Musel anunciaron la formaci\u00f3n del Regimiento de las tribus \u00e1rabes para expulsar a los grupos terroristas de origen extranjero. <\/strong><\/p>\n<p style=\"text-align: justify\"><strong>Paralelamente, \u00a0una fuente local en la ciudad de Musel expres\u00f3 que la fuerza de Liberaci\u00f3n de Musel elimin\u00f3 una serie de elementos terroristas en el pueblo de Al-Arig en Al-Madina.<\/strong><\/p>\n<p style=\"text-align: justify\"><span style=\"color: #0000ff\"><strong>Ghifar Al.<\/strong><\/span><\/p>\n","protected":false},"excerpt":{"rendered":"<p>Bagdad, SANA Una fuente de seguridad iraqu\u00ed anunci\u00f3 que las fuerzas de seguridad destruyeron 3 veh\u00edculos de los elementos de la organizaci\u00f3n terrorista del llamado \u201cEstado de Irak y el Levante\u201d en Faluyah, Irak, as\u00ed como pudieron confiscar otros 6 veh\u00edculos de la misma Ciudad. El sitio de Red de Media iraqu\u00ed transmiti\u00f3 lo que &hellip;<\/p>\n","protected":false},"author":1,"featured_media":4499,"comment_status":"closed","ping_status":"closed","sticky":false,"template":"","format":"standard","meta":{"footnotes":""},"categories":[597,456,457,576],"tags":[1037],"class_list":["post-4498","post","type-post","status-publish","format-standard","has-post-thumbnail","","category-cinta-de-noticias","category-arabe-internacional-politica","category-noticias-arabe-internacional-politica","category-noticias-politicas","tag-irak-abatidos-157-terroristas-en-cuatro-provincias"],"_links":{"self":[{"href":"https:\/\/archive.sana.sy\/es\/index.php?rest_route=\/wp\/v2\/posts\/4498"}],"collection":[{"href":"https:\/\/archive.sana.sy\/es\/index.php?rest_route=\/wp\/v2\/posts"}],"about":[{"href":"https:\/\/archive.sana.sy\/es\/index.php?rest_route=\/wp\/v2\/types\/post"}],"author":[{"embeddable":true,"href":"https:\/\/archive.sana.sy\/es\/index.php?rest_route=\/wp\/v2\/users\/1"}],"replies":[{"embeddable":true,"href":"https:\/\/archive.sana.sy\/es\/index.php?rest_route=%2Fwp%2Fv2%2Fcomments&post=4498"}],"version-history":[{"count":0,"href":"https:\/\/archive.sana.sy\/es\/index.php?rest_route=\/wp\/v2\/posts\/4498\/revisions"}],"wp:featuredmedia":[{"embeddable":true,"href":"https:\/\/archive.sana.sy\/es\/index.php?rest_route=\/wp\/v2\/media\/4499"}],"wp:attachment":[{"href":"https:\/\/archive.sana.sy\/es\/index.php?rest_route=%2Fwp%2Fv2%2Fmedia&parent=4498"}],"wp:term":[{"taxonomy":"category","embeddable":true,"href":"https:\/\/archive.sana.sy\/es\/index.php?rest_route=%2Fwp%2Fv2%2Fcategories&post=4498"},{"taxonomy":"post_tag","embeddable":true,"href":"https:\/\/archive.sana.sy\/es\/index.php?rest_route=%2Fwp%2Fv2%2Ftags&post=4498"}],"curies":[{"name":"wp","href":"https:\/\/api.w.org\/{rel}","templated":true}]}}