{"id":44980,"date":"2016-06-08T21:48:55","date_gmt":"2016-06-08T18:48:55","guid":{"rendered":"http:\/\/www.sana.sy\/es\/?p=44980"},"modified":"2016-06-08T21:48:55","modified_gmt":"2016-06-08T18:48:55","slug":"lavrov-apoyamos-las-iniciativas-que-pueden-ayudar-a-resolver-el-conflicto-arabe-israeli-en-esta-etapa-critica","status":"publish","type":"post","link":"https:\/\/archive.sana.sy\/es\/?p=44980","title":{"rendered":"Lavrov: Apoyamos las iniciativas que pueden ayudar a resolver el conflicto \u00e1rabe-israel\u00ed en esta etapa cr\u00edtica"},"content":{"rendered":"<p style=\"text-align: justify\"><span style=\"color: #800000\">Mosc\u00fa, SANA<\/span>&#8211; Rusia apoya la b\u00fasqueda de una soluci\u00f3n al conflicto israel\u00ed-palestino con base en la iniciativa de paz \u00e1rabe y sin la necesidad de modificarla, coment\u00f3 hoy el ministro de Relaciones Exteriores de Rusia, Sergei Lavrov.<\/p>\n<p style=\"text-align: justify\">&#8220;la iniciativa es integral y que abarca toda la complejidad de relaciones entre Israel y los Estados \u00e1rabes, incluida Palestina, y no hay necesidad de ninguna enmienda, y es importante poner en marcha el proceso y los pasos con el fin de avanzar hacia un arreglo&#8221;, se\u00f1al\u00f3 Lavrov en una conferencia de prensa conjunta despu\u00e9s de conversar con su hom\u00f3logo palestino, Riyad al-Maliki.<\/p>\n<p style=\"text-align: justify\">El ministro ruso consider\u00f3 que es necesario tomar medidas adicionales para prevenir la escalada de la situaci\u00f3n en el Oriente Medio, haciendo hincapi\u00e9 en la necesidad de crear las condiciones adecuadas para la reanudaci\u00f3n de un proceso pol\u00edtico que conduce hacia una soluci\u00f3n justa y duradera, agregando que Mosc\u00fa est\u00e1 dispuesta a acoger nuevas rondas de di\u00e1logo inter-palestino.<\/p>\n<p style=\"text-align: justify\">A su vez, al-Maliki dijo que Rusia es capaz de jugar un papel muy importante en el tema de reanudar las negociaciones, por lo tanto, la parte palestina sinti\u00f3 la necesidad de realizar consultas en Mosc\u00fa con el fin de intercambiar puntos de vista.<\/p>\n<p>M.Miri<\/p>\n","protected":false},"excerpt":{"rendered":"<p>Mosc\u00fa, SANA&#8211; Rusia apoya la b\u00fasqueda de una soluci\u00f3n al conflicto israel\u00ed-palestino con base en la iniciativa de paz \u00e1rabe y sin la necesidad de modificarla, coment\u00f3 hoy el ministro de Relaciones Exteriores de Rusia, Sergei Lavrov. &#8220;la iniciativa es integral y que abarca toda la complejidad de relaciones entre Israel y los Estados \u00e1rabes, &hellip;<\/p>\n","protected":false},"author":1,"featured_media":44981,"comment_status":"closed","ping_status":"closed","sticky":false,"template":"","format":"standard","meta":{"footnotes":""},"categories":[456,457],"tags":[1494],"class_list":["post-44980","post","type-post","status-publish","format-standard","has-post-thumbnail","","category-arabe-internacional-politica","category-noticias-arabe-internacional-politica","tag-palestina"],"_links":{"self":[{"href":"https:\/\/archive.sana.sy\/es\/index.php?rest_route=\/wp\/v2\/posts\/44980"}],"collection":[{"href":"https:\/\/archive.sana.sy\/es\/index.php?rest_route=\/wp\/v2\/posts"}],"about":[{"href":"https:\/\/archive.sana.sy\/es\/index.php?rest_route=\/wp\/v2\/types\/post"}],"author":[{"embeddable":true,"href":"https:\/\/archive.sana.sy\/es\/index.php?rest_route=\/wp\/v2\/users\/1"}],"replies":[{"embeddable":true,"href":"https:\/\/archive.sana.sy\/es\/index.php?rest_route=%2Fwp%2Fv2%2Fcomments&post=44980"}],"version-history":[{"count":0,"href":"https:\/\/archive.sana.sy\/es\/index.php?rest_route=\/wp\/v2\/posts\/44980\/revisions"}],"wp:featuredmedia":[{"embeddable":true,"href":"https:\/\/archive.sana.sy\/es\/index.php?rest_route=\/wp\/v2\/media\/44981"}],"wp:attachment":[{"href":"https:\/\/archive.sana.sy\/es\/index.php?rest_route=%2Fwp%2Fv2%2Fmedia&parent=44980"}],"wp:term":[{"taxonomy":"category","embeddable":true,"href":"https:\/\/archive.sana.sy\/es\/index.php?rest_route=%2Fwp%2Fv2%2Fcategories&post=44980"},{"taxonomy":"post_tag","embeddable":true,"href":"https:\/\/archive.sana.sy\/es\/index.php?rest_route=%2Fwp%2Fv2%2Ftags&post=44980"}],"curies":[{"name":"wp","href":"https:\/\/api.w.org\/{rel}","templated":true}]}}