{"id":44983,"date":"2016-06-08T22:30:07","date_gmt":"2016-06-08T19:30:07","guid":{"rendered":"http:\/\/www.sana.sy\/es\/?p=44983"},"modified":"2016-06-08T22:30:07","modified_gmt":"2016-06-08T19:30:07","slug":"cinco-muertos-y-30-heridos-por-un-nuevo-atentado-en-turquia","status":"publish","type":"post","link":"https:\/\/archive.sana.sy\/es\/?p=44983","title":{"rendered":"Cinco muertos y 30 heridos por un nuevo atentado en Turqu\u00eda"},"content":{"rendered":"<p style=\"text-align: justify\"><span style=\"color: #800000\">Ankara, SANA<\/span>&#8211; Cinco personas murieron, entre dos tres polic\u00edas, y 30 resultaron heridas este mi\u00e9rcoles en un atentado con coche bomba en el sureste de Turqu\u00eda.<\/p>\n<p style=\"text-align: justify\">De acuerdo con medios de comunicaci\u00f3n turcos, un coche bomba se estall\u00f3 contra una comisar\u00eda en la provincia de Midyat, situadas al sureste del pa\u00eds, dejando cinco v\u00edctimas mortales y 30 personas heridas, adem\u00e1s de grandes p\u00e9rdidas materiales.<\/p>\n<p style=\"text-align: justify\">Seg\u00fan las fuentes, las autoridades turcas se\u00f1alaron al Partido de Trabajadores de Kurdist\u00e1n (PKK) como los responsables del ataque.<\/p>\n<p style=\"text-align: justify\">Cabe se\u00f1alar que este atentado viene un d\u00eda despu\u00e9s del ataque que dej\u00f3 11 v\u00edctimas en Estambul, entre las cuales 6 agentes de polic\u00eda.<\/p>\n<p>M.Miri<\/p>\n","protected":false},"excerpt":{"rendered":"<p>Ankara, SANA&#8211; Cinco personas murieron, entre dos tres polic\u00edas, y 30 resultaron heridas este mi\u00e9rcoles en un atentado con coche bomba en el sureste de Turqu\u00eda. De acuerdo con medios de comunicaci\u00f3n turcos, un coche bomba se estall\u00f3 contra una comisar\u00eda en la provincia de Midyat, situadas al sureste del pa\u00eds, dejando cinco v\u00edctimas mortales &hellip;<\/p>\n","protected":false},"author":1,"featured_media":44984,"comment_status":"closed","ping_status":"closed","sticky":false,"template":"","format":"standard","meta":{"footnotes":""},"categories":[456,457],"tags":[7512],"class_list":["post-44983","post","type-post","status-publish","format-standard","has-post-thumbnail","","category-arabe-internacional-politica","category-noticias-arabe-internacional-politica","tag-turquia"],"_links":{"self":[{"href":"https:\/\/archive.sana.sy\/es\/index.php?rest_route=\/wp\/v2\/posts\/44983"}],"collection":[{"href":"https:\/\/archive.sana.sy\/es\/index.php?rest_route=\/wp\/v2\/posts"}],"about":[{"href":"https:\/\/archive.sana.sy\/es\/index.php?rest_route=\/wp\/v2\/types\/post"}],"author":[{"embeddable":true,"href":"https:\/\/archive.sana.sy\/es\/index.php?rest_route=\/wp\/v2\/users\/1"}],"replies":[{"embeddable":true,"href":"https:\/\/archive.sana.sy\/es\/index.php?rest_route=%2Fwp%2Fv2%2Fcomments&post=44983"}],"version-history":[{"count":0,"href":"https:\/\/archive.sana.sy\/es\/index.php?rest_route=\/wp\/v2\/posts\/44983\/revisions"}],"wp:featuredmedia":[{"embeddable":true,"href":"https:\/\/archive.sana.sy\/es\/index.php?rest_route=\/wp\/v2\/media\/44984"}],"wp:attachment":[{"href":"https:\/\/archive.sana.sy\/es\/index.php?rest_route=%2Fwp%2Fv2%2Fmedia&parent=44983"}],"wp:term":[{"taxonomy":"category","embeddable":true,"href":"https:\/\/archive.sana.sy\/es\/index.php?rest_route=%2Fwp%2Fv2%2Fcategories&post=44983"},{"taxonomy":"post_tag","embeddable":true,"href":"https:\/\/archive.sana.sy\/es\/index.php?rest_route=%2Fwp%2Fv2%2Ftags&post=44983"}],"curies":[{"name":"wp","href":"https:\/\/api.w.org\/{rel}","templated":true}]}}